{"id":24830,"date":"2022-03-28T10:52:28","date_gmt":"2022-03-28T10:52:28","guid":{"rendered":"https:\/\/blogdorogeriogomes.com.br\/?p=24830"},"modified":"2022-03-28T13:41:38","modified_gmt":"2022-03-28T13:41:38","slug":"fortaleza-amanhece-com-mais-chuva-marco-ja-supera-media-historica","status":"publish","type":"post","link":"https:\/\/blogdorogeriogomes.com.br\/noticias\/2022\/03\/fortaleza-amanhece-com-mais-chuva-marco-ja-supera-media-historica\/","title":{"rendered":"Fortaleza amanhece com mais chuva. Mar\u00e7o j\u00e1 supera m\u00e9dia hist\u00f3rica"},"content":{"rendered":"\n<p>A segunda-feira, dia 28 de mar\u00e7o, amanheceu com forte chuva em Fortaleza. O m\u00eas de mar\u00e7o j\u00e1 apresenta precipita\u00e7\u00f5es acima da m\u00e9dia hist\u00f3rica. \u00c9 o m\u00eas com mais chuva em 2022. S\u00e3o mais de 250 mil\u00edmetros no acumulado do m\u00eas, segundo a Funceme. O Cear\u00e1 registrou chuvas no interior em 44 munic\u00edpios nas \u00faltimas 24 horas. A maior precipita\u00e7\u00e3o ocorreu em Iguatu, com 72 mil\u00edmetros. A previs\u00e3o da Funceme para esta segunda-feira pela manh\u00e3 \u00e9 de c\u00e9u variando de nublado a parcialmente nublado com chuva isolada.&nbsp;<\/p>\n\n\n\n<p>Apenas tr\u00eas das oito macrorregi\u00f5es cearenses ainda n\u00e3o superaram a m\u00e9dia esperada para o m\u00eas, apesar de registrarem \u00edndices considerados em torno da m\u00e9dia hist\u00f3rica. S\u00e3o elas: Litoral de Pec\u00e9m, Litoral Norte e Sert\u00e3o Central e Inhamuns. A situa\u00e7\u00e3o mais favor\u00e1vel, por outro lado, \u00e9 observada no Cariri, onde as chuvas j\u00e1 superaram em mais de 60% o valor esperado para o per\u00edodo. Em Fortaleza, o acumulado supera o \u00edndice considerado normal em 35,2%.<br><\/p>\n\n\n\n<figure class=\"wp-block-image size-large\"><img loading=\"lazy\" decoding=\"async\" width=\"620\" height=\"465\" src=\"https:\/\/blogdorogeriogomes.com.br\/wp-content\/uploads\/2022\/03\/images-74.jpeg\" alt=\"\" class=\"wp-image-24831\" srcset=\"https:\/\/blogdorogeriogomes.com.br\/noticias\/wp-content\/uploads\/2022\/03\/images-74.jpeg 620w, https:\/\/blogdorogeriogomes.com.br\/noticias\/wp-content\/uploads\/2022\/03\/images-74-300x225.jpeg 300w, https:\/\/blogdorogeriogomes.com.br\/noticias\/wp-content\/uploads\/2022\/03\/images-74-400x300.jpeg 400w\" sizes=\"auto, (max-width: 620px) 100vw, 620px\" \/><\/figure>\n","protected":false},"excerpt":{"rendered":"<p>A segunda-feira, dia 28 de mar\u00e7o, amanheceu com forte chuva em Fortaleza. O m\u00eas de mar\u00e7o j\u00e1 apresenta precipita\u00e7\u00f5es acima da m\u00e9dia hist\u00f3rica. \u00c9 o m\u00eas com mais chuva em 2022. S\u00e3o mais de 250 mil\u00edmetros no acumulado do m\u00eas, segundo a Funceme. O Cear\u00e1 registrou chuvas no interior em 44 munic\u00edpios nas \u00faltimas 24 horas. A maior precipita\u00e7\u00e3o ocorreu em Iguatu, com 72 mil\u00edmetros. A previs\u00e3o da Funceme para esta segunda-feira pela manh\u00e3 \u00e9 de c\u00e9u variando de&hellip;<\/p>\n","protected":false},"author":1,"featured_media":24831,"comment_status":"open","ping_status":"open","sticky":false,"template":"","format":"standard","meta":{"footnotes":""},"categories":[1],"tags":[],"class_list":["post-24830","post","type-post","status-publish","format-standard","has-post-thumbnail","hentry","category-noticias"],"_links":{"self":[{"href":"https:\/\/blogdorogeriogomes.com.br\/noticias\/wp-json\/wp\/v2\/posts\/24830","targetHints":{"allow":["GET"]}}],"collection":[{"href":"https:\/\/blogdorogeriogomes.com.br\/noticias\/wp-json\/wp\/v2\/posts"}],"about":[{"href":"https:\/\/blogdorogeriogomes.com.br\/noticias\/wp-json\/wp\/v2\/types\/post"}],"author":[{"embeddable":true,"href":"https:\/\/blogdorogeriogomes.com.br\/noticias\/wp-json\/wp\/v2\/users\/1"}],"replies":[{"embeddable":true,"href":"https:\/\/blogdorogeriogomes.com.br\/noticias\/wp-json\/wp\/v2\/comments?post=24830"}],"version-history":[{"count":2,"href":"https:\/\/blogdorogeriogomes.com.br\/noticias\/wp-json\/wp\/v2\/posts\/24830\/revisions"}],"predecessor-version":[{"id":24836,"href":"https:\/\/blogdorogeriogomes.com.br\/noticias\/wp-json\/wp\/v2\/posts\/24830\/revisions\/24836"}],"wp:featuredmedia":[{"embeddable":true,"href":"https:\/\/blogdorogeriogomes.com.br\/noticias\/wp-json\/wp\/v2\/media\/24831"}],"wp:attachment":[{"href":"https:\/\/blogdorogeriogomes.com.br\/noticias\/wp-json\/wp\/v2\/media?parent=24830"}],"wp:term":[{"taxonomy":"category","embeddable":true,"href":"https:\/\/blogdorogeriogomes.com.br\/noticias\/wp-json\/wp\/v2\/categories?post=24830"},{"taxonomy":"post_tag","embeddable":true,"href":"https:\/\/blogdorogeriogomes.com.br\/noticias\/wp-json\/wp\/v2\/tags?post=24830"}],"curies":[{"name":"wp","href":"https:\/\/api.w.org\/{rel}","templated":true}]}}