{"id":24833,"date":"2022-03-28T11:17:22","date_gmt":"2022-03-28T11:17:22","guid":{"rendered":"https:\/\/blogdorogeriogomes.com.br\/?p=24833"},"modified":"2022-03-28T13:41:25","modified_gmt":"2022-03-28T13:41:25","slug":"datafolha-aponta-que-75-das-pessoas-responsabilizam-bolsonaro-pela-alta-da-inflacao-no-pais","status":"publish","type":"post","link":"https:\/\/blogdorogeriogomes.com.br\/noticias\/2022\/03\/datafolha-aponta-que-75-das-pessoas-responsabilizam-bolsonaro-pela-alta-da-inflacao-no-pais\/","title":{"rendered":"Datafolha aponta que 75% das pessoas responsabilizam Bolsonaro pela alta da infla\u00e7\u00e3o no Pa\u00eds"},"content":{"rendered":"\n<p>O presidente Jair Bolsonaro chega ao \u00faltimo ano de seu mandato num cen\u00e1rio de descontrole inflacion\u00e1rio. Segundo pesquisa Datafolha divulgada nesta segunda-feira, dia 28 de mar\u00e7o, 75% apontam que o governo Bolsonaro tem responsabilidade pela infla\u00e7\u00e3o. Em 2022, o \u00edndice deve fechar novamente acima de 10% e uma das principais causas \u00e9 a pol\u00edtica de pre\u00e7os da Petrobr\u00e1s, que dolariza os pre\u00e7os dos combust\u00edveis.<\/p>\n\n\n\n<p>Neste domingo, dia 27, em evento promovido pelo PL, Jair Bolsonaro afirmou que sua luta \u00e9 do &#8220;bem contra o mal&#8221;, e n\u00e3o da &#8220;esquerda contra a direita&#8221;. Ele tamb\u00e9m criticou as pesquisas eleitorais que apontam a lideran\u00e7a do ex-presidente Lula (PT).<\/p>\n\n\n\n<p>Como forma de mobilizar os aliados de extrema direita, Bolsonaro voltou a elogiar o torturador da ditadura militar Carlos Alberto Brilhantes Ustra, morto em 2015 e condenado pelos crimes cometidos durante o regime militar brasileiro.<\/p>\n\n\n\n<figure class=\"wp-block-image size-large\"><img loading=\"lazy\" decoding=\"async\" width=\"1024\" height=\"492\" src=\"https:\/\/blogdorogeriogomes.com.br\/wp-content\/uploads\/2022\/03\/20220327150328_00fad717ff48ac0e753587498602c3a68874a228808f470ab76734cd30b53574-1024x492.jpg\" alt=\"\" class=\"wp-image-24834\" srcset=\"https:\/\/blogdorogeriogomes.com.br\/noticias\/wp-content\/uploads\/2022\/03\/20220327150328_00fad717ff48ac0e753587498602c3a68874a228808f470ab76734cd30b53574-1024x492.jpg 1024w, https:\/\/blogdorogeriogomes.com.br\/noticias\/wp-content\/uploads\/2022\/03\/20220327150328_00fad717ff48ac0e753587498602c3a68874a228808f470ab76734cd30b53574-300x144.jpg 300w, https:\/\/blogdorogeriogomes.com.br\/noticias\/wp-content\/uploads\/2022\/03\/20220327150328_00fad717ff48ac0e753587498602c3a68874a228808f470ab76734cd30b53574-768x369.jpg 768w, https:\/\/blogdorogeriogomes.com.br\/noticias\/wp-content\/uploads\/2022\/03\/20220327150328_00fad717ff48ac0e753587498602c3a68874a228808f470ab76734cd30b53574-800x384.jpg 800w, https:\/\/blogdorogeriogomes.com.br\/noticias\/wp-content\/uploads\/2022\/03\/20220327150328_00fad717ff48ac0e753587498602c3a68874a228808f470ab76734cd30b53574.jpg 1250w\" sizes=\"auto, (max-width: 1024px) 100vw, 1024px\" \/><\/figure>\n","protected":false},"excerpt":{"rendered":"<p>O presidente Jair Bolsonaro chega ao \u00faltimo ano de seu mandato num cen\u00e1rio de descontrole inflacion\u00e1rio. Segundo pesquisa Datafolha divulgada nesta segunda-feira, dia 28 de mar\u00e7o, 75% apontam que o governo Bolsonaro tem responsabilidade pela infla\u00e7\u00e3o. Em 2022, o \u00edndice deve fechar novamente acima de 10% e uma das principais causas \u00e9 a pol\u00edtica de pre\u00e7os da Petrobr\u00e1s, que dolariza os pre\u00e7os dos combust\u00edveis. Neste domingo, dia 27, em evento promovido pelo PL, Jair Bolsonaro afirmou que sua luta&hellip;<\/p>\n","protected":false},"author":1,"featured_media":24834,"comment_status":"open","ping_status":"open","sticky":false,"template":"","format":"standard","meta":{"footnotes":""},"categories":[1],"tags":[],"class_list":["post-24833","post","type-post","status-publish","format-standard","has-post-thumbnail","hentry","category-noticias"],"_links":{"self":[{"href":"https:\/\/blogdorogeriogomes.com.br\/noticias\/wp-json\/wp\/v2\/posts\/24833","targetHints":{"allow":["GET"]}}],"collection":[{"href":"https:\/\/blogdorogeriogomes.com.br\/noticias\/wp-json\/wp\/v2\/posts"}],"about":[{"href":"https:\/\/blogdorogeriogomes.com.br\/noticias\/wp-json\/wp\/v2\/types\/post"}],"author":[{"embeddable":true,"href":"https:\/\/blogdorogeriogomes.com.br\/noticias\/wp-json\/wp\/v2\/users\/1"}],"replies":[{"embeddable":true,"href":"https:\/\/blogdorogeriogomes.com.br\/noticias\/wp-json\/wp\/v2\/comments?post=24833"}],"version-history":[{"count":1,"href":"https:\/\/blogdorogeriogomes.com.br\/noticias\/wp-json\/wp\/v2\/posts\/24833\/revisions"}],"predecessor-version":[{"id":24835,"href":"https:\/\/blogdorogeriogomes.com.br\/noticias\/wp-json\/wp\/v2\/posts\/24833\/revisions\/24835"}],"wp:featuredmedia":[{"embeddable":true,"href":"https:\/\/blogdorogeriogomes.com.br\/noticias\/wp-json\/wp\/v2\/media\/24834"}],"wp:attachment":[{"href":"https:\/\/blogdorogeriogomes.com.br\/noticias\/wp-json\/wp\/v2\/media?parent=24833"}],"wp:term":[{"taxonomy":"category","embeddable":true,"href":"https:\/\/blogdorogeriogomes.com.br\/noticias\/wp-json\/wp\/v2\/categories?post=24833"},{"taxonomy":"post_tag","embeddable":true,"href":"https:\/\/blogdorogeriogomes.com.br\/noticias\/wp-json\/wp\/v2\/tags?post=24833"}],"curies":[{"name":"wp","href":"https:\/\/api.w.org\/{rel}","templated":true}]}}