{"id":24844,"date":"2022-03-28T22:51:09","date_gmt":"2022-03-28T22:51:09","guid":{"rendered":"https:\/\/blogdorogeriogomes.com.br\/?p=24844"},"modified":"2022-03-29T09:38:21","modified_gmt":"2022-03-29T09:38:21","slug":"bolsonaro-decide-tirar-general-silva-e-luna-da-petrobras-adriano-pires-deve-ser-o-substituto","status":"publish","type":"post","link":"https:\/\/blogdorogeriogomes.com.br\/noticias\/2022\/03\/bolsonaro-decide-tirar-general-silva-e-luna-da-petrobras-adriano-pires-deve-ser-o-substituto\/","title":{"rendered":"Bolsonaro decide tirar General Silva e Luna da Petrobras. Adriano Pires deve ser o substituto"},"content":{"rendered":"\n<p>Mais um militar deve ficar pelo caminho no Governo Bolsonaro. Insatisfeito com a pol\u00edtica de pre\u00e7os dos combust\u00edveis na empresa, o presidente Jair Bolsonaro substituir\u00e1 o general da reserva Joaquim Silva e Luna da presid\u00eancia da Petrobras. Para a vaga, o&nbsp;Minist\u00e9rio de Minas e Energia decidiu indicar Adriano Pires, fundador do Centro Brasileiro de Infraestrutura. A mudan\u00e7a precisa ser confirmada pela assembleia-geral dos acionistas da estatal em reuni\u00e3o marcada para 13 de abril.<\/p>\n\n\n\n<p>O General Silva e Luna \u00e9 segundo presidente da Petrobras a ser demitido pelo governo de Jair Bolsonaro. A mudan\u00e7a acontece ap\u00f3s cr\u00edticas do presidente da Rep\u00fablica ao reajuste de pre\u00e7os dos combust\u00edveis e tentativa de Bolsonaro em interferir nos valores da gasolina e do diesel. A pol\u00edtica de pre\u00e7os da Petrobras, que \u00e9 uma empresa de economia mista e tem o Governo Federal como maior acionista, est\u00e1 vinculada ao valor do d\u00f3lar no mercado internacional.<\/p>\n\n\n\n<figure class=\"wp-block-image size-full\"><img loading=\"lazy\" decoding=\"async\" width=\"645\" height=\"388\" src=\"https:\/\/blogdorogeriogomes.com.br\/wp-content\/uploads\/2022\/03\/images-76.jpeg\" alt=\"\" class=\"wp-image-24845\" srcset=\"https:\/\/blogdorogeriogomes.com.br\/noticias\/wp-content\/uploads\/2022\/03\/images-76.jpeg 645w, https:\/\/blogdorogeriogomes.com.br\/noticias\/wp-content\/uploads\/2022\/03\/images-76-300x180.jpeg 300w\" sizes=\"auto, (max-width: 645px) 100vw, 645px\" \/><\/figure>\n","protected":false},"excerpt":{"rendered":"<p>Mais um militar deve ficar pelo caminho no Governo Bolsonaro. Insatisfeito com a pol\u00edtica de pre\u00e7os dos combust\u00edveis na empresa, o presidente Jair Bolsonaro substituir\u00e1 o general da reserva Joaquim Silva e Luna da presid\u00eancia da Petrobras. Para a vaga, o&nbsp;Minist\u00e9rio de Minas e Energia decidiu indicar Adriano Pires, fundador do Centro Brasileiro de Infraestrutura. A mudan\u00e7a precisa ser confirmada pela assembleia-geral dos acionistas da estatal em reuni\u00e3o marcada para 13 de abril. O General Silva e Luna \u00e9&hellip;<\/p>\n","protected":false},"author":1,"featured_media":24845,"comment_status":"open","ping_status":"open","sticky":false,"template":"","format":"standard","meta":{"footnotes":""},"categories":[1],"tags":[],"class_list":["post-24844","post","type-post","status-publish","format-standard","has-post-thumbnail","hentry","category-noticias"],"_links":{"self":[{"href":"https:\/\/blogdorogeriogomes.com.br\/noticias\/wp-json\/wp\/v2\/posts\/24844","targetHints":{"allow":["GET"]}}],"collection":[{"href":"https:\/\/blogdorogeriogomes.com.br\/noticias\/wp-json\/wp\/v2\/posts"}],"about":[{"href":"https:\/\/blogdorogeriogomes.com.br\/noticias\/wp-json\/wp\/v2\/types\/post"}],"author":[{"embeddable":true,"href":"https:\/\/blogdorogeriogomes.com.br\/noticias\/wp-json\/wp\/v2\/users\/1"}],"replies":[{"embeddable":true,"href":"https:\/\/blogdorogeriogomes.com.br\/noticias\/wp-json\/wp\/v2\/comments?post=24844"}],"version-history":[{"count":2,"href":"https:\/\/blogdorogeriogomes.com.br\/noticias\/wp-json\/wp\/v2\/posts\/24844\/revisions"}],"predecessor-version":[{"id":24848,"href":"https:\/\/blogdorogeriogomes.com.br\/noticias\/wp-json\/wp\/v2\/posts\/24844\/revisions\/24848"}],"wp:featuredmedia":[{"embeddable":true,"href":"https:\/\/blogdorogeriogomes.com.br\/noticias\/wp-json\/wp\/v2\/media\/24845"}],"wp:attachment":[{"href":"https:\/\/blogdorogeriogomes.com.br\/noticias\/wp-json\/wp\/v2\/media?parent=24844"}],"wp:term":[{"taxonomy":"category","embeddable":true,"href":"https:\/\/blogdorogeriogomes.com.br\/noticias\/wp-json\/wp\/v2\/categories?post=24844"},{"taxonomy":"post_tag","embeddable":true,"href":"https:\/\/blogdorogeriogomes.com.br\/noticias\/wp-json\/wp\/v2\/tags?post=24844"}],"curies":[{"name":"wp","href":"https:\/\/api.w.org\/{rel}","templated":true}]}}