{"id":24849,"date":"2022-03-29T10:01:45","date_gmt":"2022-03-29T10:01:45","guid":{"rendered":"https:\/\/blogdorogeriogomes.com.br\/?p=24849"},"modified":"2022-03-30T10:51:18","modified_gmt":"2022-03-30T10:51:18","slug":"teleferico-do-horto-e-arena-romeirao-sao-as-novas-atracoes-na-regiao-do-cariri","status":"publish","type":"post","link":"https:\/\/blogdorogeriogomes.com.br\/noticias\/2022\/03\/teleferico-do-horto-e-arena-romeirao-sao-as-novas-atracoes-na-regiao-do-cariri\/","title":{"rendered":"Telef\u00e9rico do Horto e Arena Romeir\u00e3o s\u00e3o as novas atra\u00e7\u00f5es na Regi\u00e3o do Cariri"},"content":{"rendered":"\n<p>No mesmo dia em que anunciou que vai realmente renunciar ao Governo do Cear\u00e1 em 2 de abril, para concorrer ao Senado nas elei\u00e7\u00f5es de outubro, o governador Camilo Santana entregou duas importantes obras na Regi\u00e3o do Cariri: a Arena Romeir\u00e3o e o Telef\u00e9rico do Horto.<\/p>\n\n\n\n<p>O Telef\u00e9rico do Horto tem capacidade de receber mais de duas mil pessoas por hora e tem 26 bondinhos, com mais cinco de reserva, que percorrem aproximadamente dois quil\u00f4metros a uma altura de 200 metros, em um tempo de 7 minutos e 30 segundos. A constru\u00e7\u00e3o trouxe ainda a urbaniza\u00e7\u00e3o da \u00e1rea, al\u00e9m da constru\u00e7\u00e3o de quiosques e de um estacionamento.<\/p>\n\n\n\n<p>O Est\u00e1dio Mauro Sampaio, agora tamb\u00e9m chamado Arena Romeir\u00e3o, foi adequado aos padr\u00f5es de uma arena multiuso, com o objetivo de proporcionar mais infraestrutura para o futebol e grandes eventos. Com a reforma, o est\u00e1dio passa a ter capacidade para 17 mil pessoas.<\/p>\n\n\n\n<p>No Cariri, Camilo Santana reuniu v\u00e1rias lideran\u00e7as pol\u00edticas num clima de despedida. Izolda Cela ser\u00e1 a nova governadora at\u00e9 dezembro de 2022, mas ainda segue a expectativa de quem ser\u00e1 o candidato governista para a sucess\u00e3o estadual em outubro.<\/p>\n\n\n\n<figure class=\"wp-block-image size-large\"><img loading=\"lazy\" decoding=\"async\" width=\"1024\" height=\"683\" src=\"https:\/\/blogdorogeriogomes.com.br\/wp-content\/uploads\/2022\/03\/20220328164957__MG_9556_2-1200x800-1-1024x683.jpg\" alt=\"\" class=\"wp-image-24850\" srcset=\"https:\/\/blogdorogeriogomes.com.br\/noticias\/wp-content\/uploads\/2022\/03\/20220328164957__MG_9556_2-1200x800-1-1024x683.jpg 1024w, https:\/\/blogdorogeriogomes.com.br\/noticias\/wp-content\/uploads\/2022\/03\/20220328164957__MG_9556_2-1200x800-1-300x200.jpg 300w, https:\/\/blogdorogeriogomes.com.br\/noticias\/wp-content\/uploads\/2022\/03\/20220328164957__MG_9556_2-1200x800-1-768x512.jpg 768w, https:\/\/blogdorogeriogomes.com.br\/noticias\/wp-content\/uploads\/2022\/03\/20220328164957__MG_9556_2-1200x800-1-800x533.jpg 800w, https:\/\/blogdorogeriogomes.com.br\/noticias\/wp-content\/uploads\/2022\/03\/20220328164957__MG_9556_2-1200x800-1.jpg 1200w\" sizes=\"auto, (max-width: 1024px) 100vw, 1024px\" \/><\/figure>\n","protected":false},"excerpt":{"rendered":"<p>No mesmo dia em que anunciou que vai realmente renunciar ao Governo do Cear\u00e1 em 2 de abril, para concorrer ao Senado nas elei\u00e7\u00f5es de outubro, o governador Camilo Santana entregou duas importantes obras na Regi\u00e3o do Cariri: a Arena Romeir\u00e3o e o Telef\u00e9rico do Horto. O Telef\u00e9rico do Horto tem capacidade de receber mais de duas mil pessoas por hora e tem 26 bondinhos, com mais cinco de reserva, que percorrem aproximadamente dois quil\u00f4metros a uma altura de&hellip;<\/p>\n","protected":false},"author":1,"featured_media":24850,"comment_status":"open","ping_status":"open","sticky":false,"template":"","format":"standard","meta":{"footnotes":""},"categories":[1],"tags":[],"class_list":["post-24849","post","type-post","status-publish","format-standard","has-post-thumbnail","hentry","category-noticias"],"_links":{"self":[{"href":"https:\/\/blogdorogeriogomes.com.br\/noticias\/wp-json\/wp\/v2\/posts\/24849","targetHints":{"allow":["GET"]}}],"collection":[{"href":"https:\/\/blogdorogeriogomes.com.br\/noticias\/wp-json\/wp\/v2\/posts"}],"about":[{"href":"https:\/\/blogdorogeriogomes.com.br\/noticias\/wp-json\/wp\/v2\/types\/post"}],"author":[{"embeddable":true,"href":"https:\/\/blogdorogeriogomes.com.br\/noticias\/wp-json\/wp\/v2\/users\/1"}],"replies":[{"embeddable":true,"href":"https:\/\/blogdorogeriogomes.com.br\/noticias\/wp-json\/wp\/v2\/comments?post=24849"}],"version-history":[{"count":1,"href":"https:\/\/blogdorogeriogomes.com.br\/noticias\/wp-json\/wp\/v2\/posts\/24849\/revisions"}],"predecessor-version":[{"id":24851,"href":"https:\/\/blogdorogeriogomes.com.br\/noticias\/wp-json\/wp\/v2\/posts\/24849\/revisions\/24851"}],"wp:featuredmedia":[{"embeddable":true,"href":"https:\/\/blogdorogeriogomes.com.br\/noticias\/wp-json\/wp\/v2\/media\/24850"}],"wp:attachment":[{"href":"https:\/\/blogdorogeriogomes.com.br\/noticias\/wp-json\/wp\/v2\/media?parent=24849"}],"wp:term":[{"taxonomy":"category","embeddable":true,"href":"https:\/\/blogdorogeriogomes.com.br\/noticias\/wp-json\/wp\/v2\/categories?post=24849"},{"taxonomy":"post_tag","embeddable":true,"href":"https:\/\/blogdorogeriogomes.com.br\/noticias\/wp-json\/wp\/v2\/tags?post=24849"}],"curies":[{"name":"wp","href":"https:\/\/api.w.org\/{rel}","templated":true}]}}