{"id":24855,"date":"2022-03-29T22:25:46","date_gmt":"2022-03-29T22:25:46","guid":{"rendered":"https:\/\/blogdorogeriogomes.com.br\/?p=24855"},"modified":"2022-03-30T10:50:39","modified_gmt":"2022-03-30T10:50:39","slug":"com-mais-de-48-horas-de-chuva-prefeitura-de-fortaleza-anuncia-plano-emergencial-para-enfrentar-transtornos","status":"publish","type":"post","link":"https:\/\/blogdorogeriogomes.com.br\/noticias\/2022\/03\/com-mais-de-48-horas-de-chuva-prefeitura-de-fortaleza-anuncia-plano-emergencial-para-enfrentar-transtornos\/","title":{"rendered":"Com mais de 48 horas de chuva, Prefeitura de Fortaleza anuncia plano emergencial para enfrentar transtornos"},"content":{"rendered":"\n<p>Diante da intensifica\u00e7\u00e3o das chuvas no m\u00eas de mar\u00e7o, o prefeito de Fortaleza, Jos\u00e9 Sarto anunciou, nesta ter\u00e7a-feira, dia 29 de mar\u00e7o, refor\u00e7o nas a\u00e7\u00f5es do plano de trabalho preventivo para a quadra chuvosa. Ap\u00f3s dois dias de intensas chuvas em Fortaleza, ser\u00e3o ampliadas equipes de limpeza de canais, lagoas e bocas de lobo, e ser\u00e3o intensificados os trabalhos de podas de \u00e1rvores. A Prefeitura de Fortaleza tamb\u00e9m custear\u00e1 horas extras de agentes de tr\u00e2nsito, da Guarda Municipal, da Defesa Civil e contar\u00e1 com equipes da Secretaria dos Direitos Humanos e Desenvolvimento Social atuando em \u00e1reas cr\u00edticas e de risco.<\/p>\n\n\n\n<p>Jos\u00e9 Sarto anunciou tamb\u00e9m a cria\u00e7\u00e3o de um Comit\u00ea de Monitoramento e Acompanhamento, que atuar\u00e1 de plant\u00e3o durante a madrugada, a partir das 20 horas, e contar\u00e1 com um representante de cada \u00f3rg\u00e3o municipal que atua na tem\u00e1tica. O objetivo \u00e9 dar agilidade \u00e0 atua\u00e7\u00e3o municipal.<\/p>\n\n\n\n<figure class=\"wp-block-image size-large\"><img loading=\"lazy\" decoding=\"async\" width=\"1024\" height=\"602\" src=\"https:\/\/blogdorogeriogomes.com.br\/wp-content\/uploads\/2022\/03\/29-03-2022-Reuniao-2-IMG_3182-1024x602.jpg\" alt=\"\" class=\"wp-image-24856\" srcset=\"https:\/\/blogdorogeriogomes.com.br\/noticias\/wp-content\/uploads\/2022\/03\/29-03-2022-Reuniao-2-IMG_3182-1024x602.jpg 1024w, https:\/\/blogdorogeriogomes.com.br\/noticias\/wp-content\/uploads\/2022\/03\/29-03-2022-Reuniao-2-IMG_3182-300x176.jpg 300w, https:\/\/blogdorogeriogomes.com.br\/noticias\/wp-content\/uploads\/2022\/03\/29-03-2022-Reuniao-2-IMG_3182-768x451.jpg 768w, https:\/\/blogdorogeriogomes.com.br\/noticias\/wp-content\/uploads\/2022\/03\/29-03-2022-Reuniao-2-IMG_3182-1536x902.jpg 1536w, https:\/\/blogdorogeriogomes.com.br\/noticias\/wp-content\/uploads\/2022\/03\/29-03-2022-Reuniao-2-IMG_3182-800x470.jpg 800w, https:\/\/blogdorogeriogomes.com.br\/noticias\/wp-content\/uploads\/2022\/03\/29-03-2022-Reuniao-2-IMG_3182.jpg 1920w\" sizes=\"auto, (max-width: 1024px) 100vw, 1024px\" \/><\/figure>\n","protected":false},"excerpt":{"rendered":"<p>Diante da intensifica\u00e7\u00e3o das chuvas no m\u00eas de mar\u00e7o, o prefeito de Fortaleza, Jos\u00e9 Sarto anunciou, nesta ter\u00e7a-feira, dia 29 de mar\u00e7o, refor\u00e7o nas a\u00e7\u00f5es do plano de trabalho preventivo para a quadra chuvosa. Ap\u00f3s dois dias de intensas chuvas em Fortaleza, ser\u00e3o ampliadas equipes de limpeza de canais, lagoas e bocas de lobo, e ser\u00e3o intensificados os trabalhos de podas de \u00e1rvores. A Prefeitura de Fortaleza tamb\u00e9m custear\u00e1 horas extras de agentes de tr\u00e2nsito, da Guarda Municipal, da&hellip;<\/p>\n","protected":false},"author":1,"featured_media":24856,"comment_status":"open","ping_status":"open","sticky":false,"template":"","format":"standard","meta":{"footnotes":""},"categories":[1],"tags":[],"class_list":["post-24855","post","type-post","status-publish","format-standard","has-post-thumbnail","hentry","category-noticias"],"_links":{"self":[{"href":"https:\/\/blogdorogeriogomes.com.br\/noticias\/wp-json\/wp\/v2\/posts\/24855","targetHints":{"allow":["GET"]}}],"collection":[{"href":"https:\/\/blogdorogeriogomes.com.br\/noticias\/wp-json\/wp\/v2\/posts"}],"about":[{"href":"https:\/\/blogdorogeriogomes.com.br\/noticias\/wp-json\/wp\/v2\/types\/post"}],"author":[{"embeddable":true,"href":"https:\/\/blogdorogeriogomes.com.br\/noticias\/wp-json\/wp\/v2\/users\/1"}],"replies":[{"embeddable":true,"href":"https:\/\/blogdorogeriogomes.com.br\/noticias\/wp-json\/wp\/v2\/comments?post=24855"}],"version-history":[{"count":1,"href":"https:\/\/blogdorogeriogomes.com.br\/noticias\/wp-json\/wp\/v2\/posts\/24855\/revisions"}],"predecessor-version":[{"id":24857,"href":"https:\/\/blogdorogeriogomes.com.br\/noticias\/wp-json\/wp\/v2\/posts\/24855\/revisions\/24857"}],"wp:featuredmedia":[{"embeddable":true,"href":"https:\/\/blogdorogeriogomes.com.br\/noticias\/wp-json\/wp\/v2\/media\/24856"}],"wp:attachment":[{"href":"https:\/\/blogdorogeriogomes.com.br\/noticias\/wp-json\/wp\/v2\/media?parent=24855"}],"wp:term":[{"taxonomy":"category","embeddable":true,"href":"https:\/\/blogdorogeriogomes.com.br\/noticias\/wp-json\/wp\/v2\/categories?post=24855"},{"taxonomy":"post_tag","embeddable":true,"href":"https:\/\/blogdorogeriogomes.com.br\/noticias\/wp-json\/wp\/v2\/tags?post=24855"}],"curies":[{"name":"wp","href":"https:\/\/api.w.org\/{rel}","templated":true}]}}