{"id":24858,"date":"2022-03-29T22:40:21","date_gmt":"2022-03-29T22:40:21","guid":{"rendered":"https:\/\/blogdorogeriogomes.com.br\/?p=24858"},"modified":"2022-03-30T10:50:27","modified_gmt":"2022-03-30T10:50:27","slug":"sabiaguaba-ganha-complexo-ecologico-e-gastronomico-com-nova-estrutura-para-o-publico-e-permissionarios","status":"publish","type":"post","link":"https:\/\/blogdorogeriogomes.com.br\/noticias\/2022\/03\/sabiaguaba-ganha-complexo-ecologico-e-gastronomico-com-nova-estrutura-para-o-publico-e-permissionarios\/","title":{"rendered":"Sabiaguaba ganha Complexo Ecol\u00f3gico e Gastron\u00f4mico com nova estrutura para o p\u00fablico e permission\u00e1rios"},"content":{"rendered":"\n<p>O Complexo Ecol\u00f3gico e Gastron\u00f4mico de Sabiaguaba foi inaugurado, nesta ter\u00e7a-feira, dia 29 de mar\u00e7o, em Fortaleza, com a presen\u00e7a do governador Camilo Santana, e do prefeito de Fortaleza, Jos\u00e9 Sarto. &#8220;Mantivemos todos os 17 permission\u00e1rios originais, que oferecem a culin\u00e1ria maravilhosa do Cear\u00e1, gerando emprego e renda para muitas fam\u00edlias. Todos v\u00e3o passar por um processo de capacita\u00e7\u00e3o. O local possui toda uma infraestrutura de cozinhas, mesas, cadeiras, tudo para receber bem os cearenses e tamb\u00e9m os turistas. Um espa\u00e7o bel\u00edssimo  e que ter\u00e1 uma base da pol\u00edcia 24 horas para dar seguran\u00e7a a todos\u201d, destacou o governador Camilo Santana.<\/p>\n\n\n\n<p>A previs\u00e3o de funcionamento pleno do Complexo \u00e9 julho de 2022, per\u00edodo de f\u00e9rias e elevada movimenta\u00e7\u00e3o de turistas no Cear\u00e1. Mas at\u00e9 l\u00e1, as atividades j\u00e1 se iniciam: a Secretaria de Meio Ambiente e o Instituto Drag\u00e3o do Mar v\u00e3o acompanhar a prepara\u00e7\u00e3o dos quiosques para a abertura para o p\u00fablico, que ser\u00e1 gradual e sustent\u00e1vel.<\/p>\n\n\n\n<figure class=\"wp-block-image size-large\"><img loading=\"lazy\" decoding=\"async\" width=\"1024\" height=\"684\" src=\"https:\/\/blogdorogeriogomes.com.br\/wp-content\/uploads\/2022\/03\/220329_POLO-GASTRONOMICO-SABIAGUABA_CGM4724-1200x802-1-1024x684.jpg\" alt=\"\" class=\"wp-image-24859\" srcset=\"https:\/\/blogdorogeriogomes.com.br\/noticias\/wp-content\/uploads\/2022\/03\/220329_POLO-GASTRONOMICO-SABIAGUABA_CGM4724-1200x802-1-1024x684.jpg 1024w, https:\/\/blogdorogeriogomes.com.br\/noticias\/wp-content\/uploads\/2022\/03\/220329_POLO-GASTRONOMICO-SABIAGUABA_CGM4724-1200x802-1-300x201.jpg 300w, https:\/\/blogdorogeriogomes.com.br\/noticias\/wp-content\/uploads\/2022\/03\/220329_POLO-GASTRONOMICO-SABIAGUABA_CGM4724-1200x802-1-768x513.jpg 768w, https:\/\/blogdorogeriogomes.com.br\/noticias\/wp-content\/uploads\/2022\/03\/220329_POLO-GASTRONOMICO-SABIAGUABA_CGM4724-1200x802-1-800x535.jpg 800w, https:\/\/blogdorogeriogomes.com.br\/noticias\/wp-content\/uploads\/2022\/03\/220329_POLO-GASTRONOMICO-SABIAGUABA_CGM4724-1200x802-1.jpg 1200w\" sizes=\"auto, (max-width: 1024px) 100vw, 1024px\" \/><\/figure>\n","protected":false},"excerpt":{"rendered":"<p>O Complexo Ecol\u00f3gico e Gastron\u00f4mico de Sabiaguaba foi inaugurado, nesta ter\u00e7a-feira, dia 29 de mar\u00e7o, em Fortaleza, com a presen\u00e7a do governador Camilo Santana, e do prefeito de Fortaleza, Jos\u00e9 Sarto. &#8220;Mantivemos todos os 17 permission\u00e1rios originais, que oferecem a culin\u00e1ria maravilhosa do Cear\u00e1, gerando emprego e renda para muitas fam\u00edlias. Todos v\u00e3o passar por um processo de capacita\u00e7\u00e3o. O local possui toda uma infraestrutura de cozinhas, mesas, cadeiras, tudo para receber bem os cearenses e tamb\u00e9m os turistas.&hellip;<\/p>\n","protected":false},"author":1,"featured_media":24859,"comment_status":"open","ping_status":"open","sticky":false,"template":"","format":"standard","meta":{"footnotes":""},"categories":[1],"tags":[],"class_list":["post-24858","post","type-post","status-publish","format-standard","has-post-thumbnail","hentry","category-noticias"],"_links":{"self":[{"href":"https:\/\/blogdorogeriogomes.com.br\/noticias\/wp-json\/wp\/v2\/posts\/24858","targetHints":{"allow":["GET"]}}],"collection":[{"href":"https:\/\/blogdorogeriogomes.com.br\/noticias\/wp-json\/wp\/v2\/posts"}],"about":[{"href":"https:\/\/blogdorogeriogomes.com.br\/noticias\/wp-json\/wp\/v2\/types\/post"}],"author":[{"embeddable":true,"href":"https:\/\/blogdorogeriogomes.com.br\/noticias\/wp-json\/wp\/v2\/users\/1"}],"replies":[{"embeddable":true,"href":"https:\/\/blogdorogeriogomes.com.br\/noticias\/wp-json\/wp\/v2\/comments?post=24858"}],"version-history":[{"count":1,"href":"https:\/\/blogdorogeriogomes.com.br\/noticias\/wp-json\/wp\/v2\/posts\/24858\/revisions"}],"predecessor-version":[{"id":24860,"href":"https:\/\/blogdorogeriogomes.com.br\/noticias\/wp-json\/wp\/v2\/posts\/24858\/revisions\/24860"}],"wp:featuredmedia":[{"embeddable":true,"href":"https:\/\/blogdorogeriogomes.com.br\/noticias\/wp-json\/wp\/v2\/media\/24859"}],"wp:attachment":[{"href":"https:\/\/blogdorogeriogomes.com.br\/noticias\/wp-json\/wp\/v2\/media?parent=24858"}],"wp:term":[{"taxonomy":"category","embeddable":true,"href":"https:\/\/blogdorogeriogomes.com.br\/noticias\/wp-json\/wp\/v2\/categories?post=24858"},{"taxonomy":"post_tag","embeddable":true,"href":"https:\/\/blogdorogeriogomes.com.br\/noticias\/wp-json\/wp\/v2\/tags?post=24858"}],"curies":[{"name":"wp","href":"https:\/\/api.w.org\/{rel}","templated":true}]}}