{"id":24864,"date":"2022-03-30T11:13:43","date_gmt":"2022-03-30T11:13:43","guid":{"rendered":"https:\/\/blogdorogeriogomes.com.br\/?p=24864"},"modified":"2022-03-31T19:53:54","modified_gmt":"2022-03-31T19:53:54","slug":"parlamentares-intensificam-troca-de-partidos-ate-sexta-feira-aproveitando-a-abertura-da-janela-partidaria","status":"publish","type":"post","link":"https:\/\/blogdorogeriogomes.com.br\/noticias\/2022\/03\/parlamentares-intensificam-troca-de-partidos-ate-sexta-feira-aproveitando-a-abertura-da-janela-partidaria\/","title":{"rendered":"Parlamentares intensificam troca de partidos at\u00e9 sexta-feira aproveitando a abertura da janela partid\u00e1ria"},"content":{"rendered":"\n<p>Deputados estaduais e federais aproveitam o per\u00edodo de abertura da janela partid\u00e1ria para fazer a troca de legendas at\u00e9 a pr\u00f3xima sexta-feira, dia 1\u00b0 de abril, visando a disputa das elei\u00e7\u00f5es 2022. A janela partid\u00e1ria permite que o parlamentar troque de agremia\u00e7\u00e3o sem o risco de perder o mandato.<\/p>\n\n\n\n<p>No Cear\u00e1, o movimento de deputados \u00e9 intenso com a sa\u00edda e entrada em novos partidos. O Progressistas (PP), do deputado estadual, Zezinho Albuquerque, filiou dois novos parlamentares: o deputado estadual Jo\u00e3o Jaime&nbsp;e o ex-deputado estadual Mo\u00e9sio Loiola.<\/p>\n\n\n\n<p>O PT do Cear\u00e1 filiou os deputados estaduais J\u00falio C\u00e9sar Filho e Nizo Costa. A parlamentar Augusta Brito tamb\u00e9m deixa o PC do B para integrar o quadro do Partido dos Trabalhadores.<\/p>\n\n\n\n<p>O Uni\u00e3o Brasil, que ser\u00e1 comandado por Capit\u00e3o Wagner no Cear\u00e1, conseguiu filiar os deputados federais Danilo Forte e Heitor Freire, os deputados estaduais Heitor Ferrer, Fernanda Pessoa, Tony Brito e Soldado Noelio.<\/p>\n\n\n\n<p>O PSDB do Cear\u00e1 ganhou um novo presidente estadual. Trata-se do suplente de senador Chiquinho Feitosa, que presidia o antigo DEM. Tamb\u00e9m se filiaram ao partido o deputado estadual Gordim Ara\u00fajo e o ex-deputado Ferreira Arag\u00e3o. O PSD recebeu Fernando Hugo, que deixou o PP.<\/p>\n\n\n\n<figure class=\"wp-block-image size-full\"><img loading=\"lazy\" decoding=\"async\" width=\"640\" height=\"480\" src=\"https:\/\/blogdorogeriogomes.com.br\/wp-content\/uploads\/2022\/03\/images-2.jpeg\" alt=\"\" class=\"wp-image-24865\" srcset=\"https:\/\/blogdorogeriogomes.com.br\/noticias\/wp-content\/uploads\/2022\/03\/images-2.jpeg 640w, https:\/\/blogdorogeriogomes.com.br\/noticias\/wp-content\/uploads\/2022\/03\/images-2-300x225.jpeg 300w, https:\/\/blogdorogeriogomes.com.br\/noticias\/wp-content\/uploads\/2022\/03\/images-2-400x300.jpeg 400w\" sizes=\"auto, (max-width: 640px) 100vw, 640px\" \/><\/figure>\n","protected":false},"excerpt":{"rendered":"<p>Deputados estaduais e federais aproveitam o per\u00edodo de abertura da janela partid\u00e1ria para fazer a troca de legendas at\u00e9 a pr\u00f3xima sexta-feira, dia 1\u00b0 de abril, visando a disputa das elei\u00e7\u00f5es 2022. A janela partid\u00e1ria permite que o parlamentar troque de agremia\u00e7\u00e3o sem o risco de perder o mandato. No Cear\u00e1, o movimento de deputados \u00e9 intenso com a sa\u00edda e entrada em novos partidos. O Progressistas (PP), do deputado estadual, Zezinho Albuquerque, filiou dois novos parlamentares: o deputado&hellip;<\/p>\n","protected":false},"author":1,"featured_media":24865,"comment_status":"open","ping_status":"open","sticky":false,"template":"","format":"standard","meta":{"footnotes":""},"categories":[1],"tags":[],"class_list":["post-24864","post","type-post","status-publish","format-standard","has-post-thumbnail","hentry","category-noticias"],"_links":{"self":[{"href":"https:\/\/blogdorogeriogomes.com.br\/noticias\/wp-json\/wp\/v2\/posts\/24864","targetHints":{"allow":["GET"]}}],"collection":[{"href":"https:\/\/blogdorogeriogomes.com.br\/noticias\/wp-json\/wp\/v2\/posts"}],"about":[{"href":"https:\/\/blogdorogeriogomes.com.br\/noticias\/wp-json\/wp\/v2\/types\/post"}],"author":[{"embeddable":true,"href":"https:\/\/blogdorogeriogomes.com.br\/noticias\/wp-json\/wp\/v2\/users\/1"}],"replies":[{"embeddable":true,"href":"https:\/\/blogdorogeriogomes.com.br\/noticias\/wp-json\/wp\/v2\/comments?post=24864"}],"version-history":[{"count":2,"href":"https:\/\/blogdorogeriogomes.com.br\/noticias\/wp-json\/wp\/v2\/posts\/24864\/revisions"}],"predecessor-version":[{"id":24867,"href":"https:\/\/blogdorogeriogomes.com.br\/noticias\/wp-json\/wp\/v2\/posts\/24864\/revisions\/24867"}],"wp:featuredmedia":[{"embeddable":true,"href":"https:\/\/blogdorogeriogomes.com.br\/noticias\/wp-json\/wp\/v2\/media\/24865"}],"wp:attachment":[{"href":"https:\/\/blogdorogeriogomes.com.br\/noticias\/wp-json\/wp\/v2\/media?parent=24864"}],"wp:term":[{"taxonomy":"category","embeddable":true,"href":"https:\/\/blogdorogeriogomes.com.br\/noticias\/wp-json\/wp\/v2\/categories?post=24864"},{"taxonomy":"post_tag","embeddable":true,"href":"https:\/\/blogdorogeriogomes.com.br\/noticias\/wp-json\/wp\/v2\/tags?post=24864"}],"curies":[{"name":"wp","href":"https:\/\/api.w.org\/{rel}","templated":true}]}}