{"id":24868,"date":"2022-03-30T23:44:52","date_gmt":"2022-03-30T23:44:52","guid":{"rendered":"https:\/\/blogdorogeriogomes.com.br\/?p=24868"},"modified":"2022-03-31T19:55:58","modified_gmt":"2022-03-31T19:55:58","slug":"camilo-santana-indica-dois-advogados-para-vagas-de-desembargador-no-tribunal-de-justica-do-ceara","status":"publish","type":"post","link":"https:\/\/blogdorogeriogomes.com.br\/noticias\/2022\/03\/camilo-santana-indica-dois-advogados-para-vagas-de-desembargador-no-tribunal-de-justica-do-ceara\/","title":{"rendered":"Camilo Santana indica dois advogados para vagas de desembargador no Tribunal de Justi\u00e7a do Cear\u00e1"},"content":{"rendered":"\n<p>Os advogados Andr\u00e9 Luiz de Souza Costa e&nbsp;Everardo Lucena Segundo foram indicados pelo governador do Cear\u00e1, Camilo Santana, para as duas vagas de desembargador do Tribunal de Justi\u00e7a do Cear\u00e1 (TJCE). Os dois foram os mais votados na&nbsp;diretoria do conselho seccional da Ordem dos Advogados do Brasil do Cear\u00e1 (OAB-CE) e tamb\u00e9m foram os mais votados nas duas listas tr\u00edplices analisadas no TJCE.<\/p>\n\n\n\n<p>O Tribunal de Justi\u00e7a do Cear\u00e1 receber\u00e1 um incremento de nove novos desembargadores que j\u00e1 foram escolhidos, sendo sete da magistratura e duas da advocacia. O aumento no n\u00famero de desembargadores atende a projeto de lei aprovado pela Assembleia Legislativa do Cear\u00e1 no ano passado.<br><\/p>\n\n\n\n<figure class=\"wp-block-image size-full\"><img loading=\"lazy\" decoding=\"async\" width=\"818\" height=\"459\" src=\"https:\/\/blogdorogeriogomes.com.br\/wp-content\/uploads\/2022\/03\/1_whatsapp_image_2022_03_10_at_20_49_07-18283170.jpeg\" alt=\"\" class=\"wp-image-24869\" srcset=\"https:\/\/blogdorogeriogomes.com.br\/noticias\/wp-content\/uploads\/2022\/03\/1_whatsapp_image_2022_03_10_at_20_49_07-18283170.jpeg 818w, https:\/\/blogdorogeriogomes.com.br\/noticias\/wp-content\/uploads\/2022\/03\/1_whatsapp_image_2022_03_10_at_20_49_07-18283170-300x168.jpeg 300w, https:\/\/blogdorogeriogomes.com.br\/noticias\/wp-content\/uploads\/2022\/03\/1_whatsapp_image_2022_03_10_at_20_49_07-18283170-768x431.jpeg 768w, https:\/\/blogdorogeriogomes.com.br\/noticias\/wp-content\/uploads\/2022\/03\/1_whatsapp_image_2022_03_10_at_20_49_07-18283170-800x449.jpeg 800w\" sizes=\"auto, (max-width: 818px) 100vw, 818px\" \/><\/figure>\n\n\n\n<p><br><br><\/p>\n\n\n\n<p><br><br><\/p>\n","protected":false},"excerpt":{"rendered":"<p>Os advogados Andr\u00e9 Luiz de Souza Costa e&nbsp;Everardo Lucena Segundo foram indicados pelo governador do Cear\u00e1, Camilo Santana, para as duas vagas de desembargador do Tribunal de Justi\u00e7a do Cear\u00e1 (TJCE). Os dois foram os mais votados na&nbsp;diretoria do conselho seccional da Ordem dos Advogados do Brasil do Cear\u00e1 (OAB-CE) e tamb\u00e9m foram os mais votados nas duas listas tr\u00edplices analisadas no TJCE. O Tribunal de Justi\u00e7a do Cear\u00e1 receber\u00e1 um incremento de nove novos desembargadores que j\u00e1 foram&hellip;<\/p>\n","protected":false},"author":1,"featured_media":24869,"comment_status":"open","ping_status":"open","sticky":false,"template":"","format":"standard","meta":{"footnotes":""},"categories":[1],"tags":[],"class_list":["post-24868","post","type-post","status-publish","format-standard","has-post-thumbnail","hentry","category-noticias"],"_links":{"self":[{"href":"https:\/\/blogdorogeriogomes.com.br\/noticias\/wp-json\/wp\/v2\/posts\/24868","targetHints":{"allow":["GET"]}}],"collection":[{"href":"https:\/\/blogdorogeriogomes.com.br\/noticias\/wp-json\/wp\/v2\/posts"}],"about":[{"href":"https:\/\/blogdorogeriogomes.com.br\/noticias\/wp-json\/wp\/v2\/types\/post"}],"author":[{"embeddable":true,"href":"https:\/\/blogdorogeriogomes.com.br\/noticias\/wp-json\/wp\/v2\/users\/1"}],"replies":[{"embeddable":true,"href":"https:\/\/blogdorogeriogomes.com.br\/noticias\/wp-json\/wp\/v2\/comments?post=24868"}],"version-history":[{"count":2,"href":"https:\/\/blogdorogeriogomes.com.br\/noticias\/wp-json\/wp\/v2\/posts\/24868\/revisions"}],"predecessor-version":[{"id":24890,"href":"https:\/\/blogdorogeriogomes.com.br\/noticias\/wp-json\/wp\/v2\/posts\/24868\/revisions\/24890"}],"wp:featuredmedia":[{"embeddable":true,"href":"https:\/\/blogdorogeriogomes.com.br\/noticias\/wp-json\/wp\/v2\/media\/24869"}],"wp:attachment":[{"href":"https:\/\/blogdorogeriogomes.com.br\/noticias\/wp-json\/wp\/v2\/media?parent=24868"}],"wp:term":[{"taxonomy":"category","embeddable":true,"href":"https:\/\/blogdorogeriogomes.com.br\/noticias\/wp-json\/wp\/v2\/categories?post=24868"},{"taxonomy":"post_tag","embeddable":true,"href":"https:\/\/blogdorogeriogomes.com.br\/noticias\/wp-json\/wp\/v2\/tags?post=24868"}],"curies":[{"name":"wp","href":"https:\/\/api.w.org\/{rel}","templated":true}]}}