{"id":24871,"date":"2022-03-30T23:59:35","date_gmt":"2022-03-30T23:59:35","guid":{"rendered":"https:\/\/blogdorogeriogomes.com.br\/?p=24871"},"modified":"2022-03-31T19:55:48","modified_gmt":"2022-03-31T19:55:48","slug":"fortaleza-tera-concurso-publico-para-dois-mil-novos-professores-para-a-rede-municipal-de-ensino","status":"publish","type":"post","link":"https:\/\/blogdorogeriogomes.com.br\/noticias\/2022\/03\/fortaleza-tera-concurso-publico-para-dois-mil-novos-professores-para-a-rede-municipal-de-ensino\/","title":{"rendered":"Fortaleza ter\u00e1 concurso p\u00fablico para dois mil novos professores para a rede municipal de ensino"},"content":{"rendered":"\n<p>O prefeito de Fortaleza, Jos\u00e9 Sarto, confirmou a realiza\u00e7\u00e3o de um concurso p\u00fablico dois mil novos professores para a rede municipal de ensino. O Projeto de Lei que cria as vagas do certame ser\u00e1 encaminhado para aprecia\u00e7\u00e3o da C\u00e2mara Municipal na pr\u00f3xima semana. A publica\u00e7\u00e3o do edital de sele\u00e7\u00e3o do concurso vai ocorrer logo ap\u00f3s a aprova\u00e7\u00e3o do Legislativo.<\/p>\n\n\n\n<p>\u201cNa nossa gest\u00e3o entregamos 17 equipamentos de Educa\u00e7\u00e3o, sendo 13 Centros de Educa\u00e7\u00e3o Infantil, com ber\u00e7\u00e1rio, e quatro Escolas de Tempo Integral. Entendemos que precisamos acelerar o processo de concurso p\u00fablico&#8221;, disse Jos\u00e9 Sarto.&nbsp;<\/p>\n\n\n\n<p>No \u00faltimo m\u00eas de fevereiro, Sarto sancionou a lei que estabelece o novo piso do Magist\u00e9rio, garantindo um reajuste total de 33,24% no sal\u00e1rio dos professores da rede municipal de ensino. Fortaleza foi uma das primeiras capitais a assegurar a porcentagem anunciada pelo Governo Federal.<\/p>\n\n\n\n<figure class=\"wp-block-image size-large\"><img loading=\"lazy\" decoding=\"async\" width=\"1024\" height=\"602\" src=\"https:\/\/blogdorogeriogomes.com.br\/wp-content\/uploads\/2022\/03\/30-03-2022-SME-IMG_8471-scaled-1-1024x602.jpg\" alt=\"\" class=\"wp-image-24872\" srcset=\"https:\/\/blogdorogeriogomes.com.br\/noticias\/wp-content\/uploads\/2022\/03\/30-03-2022-SME-IMG_8471-scaled-1-1024x602.jpg 1024w, https:\/\/blogdorogeriogomes.com.br\/noticias\/wp-content\/uploads\/2022\/03\/30-03-2022-SME-IMG_8471-scaled-1-300x176.jpg 300w, https:\/\/blogdorogeriogomes.com.br\/noticias\/wp-content\/uploads\/2022\/03\/30-03-2022-SME-IMG_8471-scaled-1-768x451.jpg 768w, https:\/\/blogdorogeriogomes.com.br\/noticias\/wp-content\/uploads\/2022\/03\/30-03-2022-SME-IMG_8471-scaled-1-1536x902.jpg 1536w, https:\/\/blogdorogeriogomes.com.br\/noticias\/wp-content\/uploads\/2022\/03\/30-03-2022-SME-IMG_8471-scaled-1-800x470.jpg 800w, https:\/\/blogdorogeriogomes.com.br\/noticias\/wp-content\/uploads\/2022\/03\/30-03-2022-SME-IMG_8471-scaled-1.jpg 1920w\" sizes=\"auto, (max-width: 1024px) 100vw, 1024px\" \/><\/figure>\n","protected":false},"excerpt":{"rendered":"<p>O prefeito de Fortaleza, Jos\u00e9 Sarto, confirmou a realiza\u00e7\u00e3o de um concurso p\u00fablico dois mil novos professores para a rede municipal de ensino. O Projeto de Lei que cria as vagas do certame ser\u00e1 encaminhado para aprecia\u00e7\u00e3o da C\u00e2mara Municipal na pr\u00f3xima semana. A publica\u00e7\u00e3o do edital de sele\u00e7\u00e3o do concurso vai ocorrer logo ap\u00f3s a aprova\u00e7\u00e3o do Legislativo. \u201cNa nossa gest\u00e3o entregamos 17 equipamentos de Educa\u00e7\u00e3o, sendo 13 Centros de Educa\u00e7\u00e3o Infantil, com ber\u00e7\u00e1rio, e quatro Escolas de&hellip;<\/p>\n","protected":false},"author":1,"featured_media":24872,"comment_status":"open","ping_status":"open","sticky":false,"template":"","format":"standard","meta":{"footnotes":""},"categories":[1],"tags":[],"class_list":["post-24871","post","type-post","status-publish","format-standard","has-post-thumbnail","hentry","category-noticias"],"_links":{"self":[{"href":"https:\/\/blogdorogeriogomes.com.br\/noticias\/wp-json\/wp\/v2\/posts\/24871","targetHints":{"allow":["GET"]}}],"collection":[{"href":"https:\/\/blogdorogeriogomes.com.br\/noticias\/wp-json\/wp\/v2\/posts"}],"about":[{"href":"https:\/\/blogdorogeriogomes.com.br\/noticias\/wp-json\/wp\/v2\/types\/post"}],"author":[{"embeddable":true,"href":"https:\/\/blogdorogeriogomes.com.br\/noticias\/wp-json\/wp\/v2\/users\/1"}],"replies":[{"embeddable":true,"href":"https:\/\/blogdorogeriogomes.com.br\/noticias\/wp-json\/wp\/v2\/comments?post=24871"}],"version-history":[{"count":2,"href":"https:\/\/blogdorogeriogomes.com.br\/noticias\/wp-json\/wp\/v2\/posts\/24871\/revisions"}],"predecessor-version":[{"id":24889,"href":"https:\/\/blogdorogeriogomes.com.br\/noticias\/wp-json\/wp\/v2\/posts\/24871\/revisions\/24889"}],"wp:featuredmedia":[{"embeddable":true,"href":"https:\/\/blogdorogeriogomes.com.br\/noticias\/wp-json\/wp\/v2\/media\/24872"}],"wp:attachment":[{"href":"https:\/\/blogdorogeriogomes.com.br\/noticias\/wp-json\/wp\/v2\/media?parent=24871"}],"wp:term":[{"taxonomy":"category","embeddable":true,"href":"https:\/\/blogdorogeriogomes.com.br\/noticias\/wp-json\/wp\/v2\/categories?post=24871"},{"taxonomy":"post_tag","embeddable":true,"href":"https:\/\/blogdorogeriogomes.com.br\/noticias\/wp-json\/wp\/v2\/tags?post=24871"}],"curies":[{"name":"wp","href":"https:\/\/api.w.org\/{rel}","templated":true}]}}