{"id":24874,"date":"2022-03-31T09:19:13","date_gmt":"2022-03-31T09:19:13","guid":{"rendered":"https:\/\/blogdorogeriogomes.com.br\/?p=24874"},"modified":"2022-03-31T19:55:36","modified_gmt":"2022-03-31T19:55:36","slug":"complexo-cultural-estacao-das-artes-belchior-e-inaugurado-no-centro-de-fortaleza","status":"publish","type":"post","link":"https:\/\/blogdorogeriogomes.com.br\/noticias\/2022\/03\/complexo-cultural-estacao-das-artes-belchior-e-inaugurado-no-centro-de-fortaleza\/","title":{"rendered":"Complexo Cultural Esta\u00e7\u00e3o das Artes Belchior \u00e9 inaugurado no Centro de Fortaleza"},"content":{"rendered":"\n<p>Um novo equipamento cultural nasce no Centro de Fortaleza. O Governo do Cear\u00e1 entregou, nesta quarta-feira, dia 30 de mar\u00e7o, o Complexo Cultural Esta\u00e7\u00e3o das Artes Belchior. A centen\u00e1ria Esta\u00e7\u00e3o Ferrovi\u00e1ria Jo\u00e3o Felipe reabre como um Complexo Cultural, que ocupa 67 mil m\u00b2 de \u00e1rea. No local, ser\u00e3o implantados, gradualmente, at\u00e9 o m\u00eas de agosto, os seguintes equipamentos: a Esta\u00e7\u00e3o das Artes, o Mercado Gastron\u00f4mico, a Pinacoteca do Cear\u00e1, o Centro de Design e o Museu Ferrovi\u00e1rio, al\u00e9m da novas sedes da Secretaria da Cultura do Estado do Cear\u00e1 (Secult Ceara) e do Instituto do Patrim\u00f4nio Hist\u00f3rico e Art\u00edstico Nacional do Cear\u00e1 (Iphan-CE). O novo equipamento cultural faz parte do processo de revitaliza\u00e7\u00e3o do Centro da Capital.<\/p>\n\n\n\n<p>A \u00e1rea livre do Complexo Esta\u00e7\u00e3o das Artes estar\u00e1 aberta para ser aproveitada por visitantes para atividades como andar de bicicleta, uso de patins e caminhadas. Localizada no Centro de Fortaleza, a Esta\u00e7\u00e3o contempla ainda um fortalecimento da programa\u00e7\u00e3o de outros espa\u00e7os pr\u00f3ximos, a exemplo do Passeio P\u00fablico, o Museu da Ind\u00fastria e o Drag\u00e3o do Mar. As&nbsp;\u00e1reas comuns da Esta\u00e7\u00e3o das Artes concentram a pra\u00e7a, o pavilh\u00e3o de acesso, a gare e a plataforma, com a oferta de diversas programa\u00e7\u00f5es nesses espa\u00e7os.<\/p>\n\n\n\n<figure class=\"wp-block-image size-large\"><img loading=\"lazy\" decoding=\"async\" width=\"1024\" height=\"683\" src=\"https:\/\/blogdorogeriogomes.com.br\/wp-content\/uploads\/2022\/03\/220330_ESTACAO-DAS-ARTES_TF0637-1-1200x800-1-1024x683.jpg\" alt=\"\" class=\"wp-image-24875\" srcset=\"https:\/\/blogdorogeriogomes.com.br\/noticias\/wp-content\/uploads\/2022\/03\/220330_ESTACAO-DAS-ARTES_TF0637-1-1200x800-1-1024x683.jpg 1024w, https:\/\/blogdorogeriogomes.com.br\/noticias\/wp-content\/uploads\/2022\/03\/220330_ESTACAO-DAS-ARTES_TF0637-1-1200x800-1-300x200.jpg 300w, https:\/\/blogdorogeriogomes.com.br\/noticias\/wp-content\/uploads\/2022\/03\/220330_ESTACAO-DAS-ARTES_TF0637-1-1200x800-1-768x512.jpg 768w, https:\/\/blogdorogeriogomes.com.br\/noticias\/wp-content\/uploads\/2022\/03\/220330_ESTACAO-DAS-ARTES_TF0637-1-1200x800-1-800x533.jpg 800w, https:\/\/blogdorogeriogomes.com.br\/noticias\/wp-content\/uploads\/2022\/03\/220330_ESTACAO-DAS-ARTES_TF0637-1-1200x800-1.jpg 1200w\" sizes=\"auto, (max-width: 1024px) 100vw, 1024px\" \/><\/figure>\n\n\n\n<p><\/p>\n","protected":false},"excerpt":{"rendered":"<p>Um novo equipamento cultural nasce no Centro de Fortaleza. O Governo do Cear\u00e1 entregou, nesta quarta-feira, dia 30 de mar\u00e7o, o Complexo Cultural Esta\u00e7\u00e3o das Artes Belchior. A centen\u00e1ria Esta\u00e7\u00e3o Ferrovi\u00e1ria Jo\u00e3o Felipe reabre como um Complexo Cultural, que ocupa 67 mil m\u00b2 de \u00e1rea. No local, ser\u00e3o implantados, gradualmente, at\u00e9 o m\u00eas de agosto, os seguintes equipamentos: a Esta\u00e7\u00e3o das Artes, o Mercado Gastron\u00f4mico, a Pinacoteca do Cear\u00e1, o Centro de Design e o Museu Ferrovi\u00e1rio, al\u00e9m da&hellip;<\/p>\n","protected":false},"author":1,"featured_media":24875,"comment_status":"open","ping_status":"open","sticky":false,"template":"","format":"standard","meta":{"footnotes":""},"categories":[1],"tags":[],"class_list":["post-24874","post","type-post","status-publish","format-standard","has-post-thumbnail","hentry","category-noticias"],"_links":{"self":[{"href":"https:\/\/blogdorogeriogomes.com.br\/noticias\/wp-json\/wp\/v2\/posts\/24874","targetHints":{"allow":["GET"]}}],"collection":[{"href":"https:\/\/blogdorogeriogomes.com.br\/noticias\/wp-json\/wp\/v2\/posts"}],"about":[{"href":"https:\/\/blogdorogeriogomes.com.br\/noticias\/wp-json\/wp\/v2\/types\/post"}],"author":[{"embeddable":true,"href":"https:\/\/blogdorogeriogomes.com.br\/noticias\/wp-json\/wp\/v2\/users\/1"}],"replies":[{"embeddable":true,"href":"https:\/\/blogdorogeriogomes.com.br\/noticias\/wp-json\/wp\/v2\/comments?post=24874"}],"version-history":[{"count":2,"href":"https:\/\/blogdorogeriogomes.com.br\/noticias\/wp-json\/wp\/v2\/posts\/24874\/revisions"}],"predecessor-version":[{"id":24888,"href":"https:\/\/blogdorogeriogomes.com.br\/noticias\/wp-json\/wp\/v2\/posts\/24874\/revisions\/24888"}],"wp:featuredmedia":[{"embeddable":true,"href":"https:\/\/blogdorogeriogomes.com.br\/noticias\/wp-json\/wp\/v2\/media\/24875"}],"wp:attachment":[{"href":"https:\/\/blogdorogeriogomes.com.br\/noticias\/wp-json\/wp\/v2\/media?parent=24874"}],"wp:term":[{"taxonomy":"category","embeddable":true,"href":"https:\/\/blogdorogeriogomes.com.br\/noticias\/wp-json\/wp\/v2\/categories?post=24874"},{"taxonomy":"post_tag","embeddable":true,"href":"https:\/\/blogdorogeriogomes.com.br\/noticias\/wp-json\/wp\/v2\/tags?post=24874"}],"curies":[{"name":"wp","href":"https:\/\/api.w.org\/{rel}","templated":true}]}}