{"id":24883,"date":"2022-03-31T19:30:58","date_gmt":"2022-03-31T19:30:58","guid":{"rendered":"https:\/\/blogdorogeriogomes.com.br\/?p=24883"},"modified":"2022-03-31T19:54:13","modified_gmt":"2022-03-31T19:54:13","slug":"sergio-moro-troca-podemos-pelo-uniao-brasil-e-candidatura-a-presidencia-da-republica-fica-pelo-caminho","status":"publish","type":"post","link":"https:\/\/blogdorogeriogomes.com.br\/noticias\/2022\/03\/sergio-moro-troca-podemos-pelo-uniao-brasil-e-candidatura-a-presidencia-da-republica-fica-pelo-caminho\/","title":{"rendered":"Sergio Moro troca Podemos pelo Uni\u00e3o Brasil e candidatura \u00e0 Presid\u00eancia da Rep\u00fablica fica pelo caminho"},"content":{"rendered":"\n<p>As pesquisas eleitorais v\u00eam mostrando que o ex-juiz Sergio Moro n\u00e3o conseguia chegar aos dois d\u00edgitos na disputa pela Presid\u00eancia da Rep\u00fablica. A press\u00e3o de parlamentares do Podemos para que ele desistisse da corrida presidencial e buscasse uma vaga no Congresso Nacional j\u00e1 tinha sido at\u00e9 noticiada. Mas o ex-juiz resolveu desistir de concorrer \u00e0 Presid\u00eancia de uma forma inusitada. Na reta final da abertura da janela partid\u00e1ria, Moro decidiu trocar o Podemos pelo Uni\u00e3o Brasil, onde deve buscar uma vaga de deputado federal por S\u00e3o Paulo.<\/p>\n\n\n\n<p>A noticia pegou os dirigentes do Podemos de surpresa. Lideran\u00e7as do partido consideram a atitude de Moro como uma trai\u00e7\u00e3o. No Cear\u00e1, o senador Luiz Eduardo Gir\u00e3o (Podemos) era um dia defensores de Moro na corrida presidencial.<\/p>\n\n\n\n<p>No Uni\u00e3o Brasil, Sergio Moro s\u00f3 foi aceito para disputar um mandato proporcional, j\u00e1 que o partido tenta fechar uma alian\u00e7a com o PSDB e Cidadania em torno de uma candidatura presidencial \u00fanica.<\/p>\n\n\n\n<figure class=\"wp-block-image size-full\"><img loading=\"lazy\" decoding=\"async\" width=\"765\" height=\"401\" src=\"https:\/\/blogdorogeriogomes.com.br\/wp-content\/uploads\/2022\/03\/images-6.jpeg\" alt=\"\" class=\"wp-image-24884\" srcset=\"https:\/\/blogdorogeriogomes.com.br\/noticias\/wp-content\/uploads\/2022\/03\/images-6.jpeg 765w, https:\/\/blogdorogeriogomes.com.br\/noticias\/wp-content\/uploads\/2022\/03\/images-6-300x157.jpeg 300w\" sizes=\"auto, (max-width: 765px) 100vw, 765px\" \/><\/figure>\n","protected":false},"excerpt":{"rendered":"<p>As pesquisas eleitorais v\u00eam mostrando que o ex-juiz Sergio Moro n\u00e3o conseguia chegar aos dois d\u00edgitos na disputa pela Presid\u00eancia da Rep\u00fablica. A press\u00e3o de parlamentares do Podemos para que ele desistisse da corrida presidencial e buscasse uma vaga no Congresso Nacional j\u00e1 tinha sido at\u00e9 noticiada. Mas o ex-juiz resolveu desistir de concorrer \u00e0 Presid\u00eancia de uma forma inusitada. Na reta final da abertura da janela partid\u00e1ria, Moro decidiu trocar o Podemos pelo Uni\u00e3o Brasil, onde deve buscar&hellip;<\/p>\n","protected":false},"author":1,"featured_media":24884,"comment_status":"open","ping_status":"open","sticky":false,"template":"","format":"standard","meta":{"footnotes":""},"categories":[1],"tags":[],"class_list":["post-24883","post","type-post","status-publish","format-standard","has-post-thumbnail","hentry","category-noticias"],"_links":{"self":[{"href":"https:\/\/blogdorogeriogomes.com.br\/noticias\/wp-json\/wp\/v2\/posts\/24883","targetHints":{"allow":["GET"]}}],"collection":[{"href":"https:\/\/blogdorogeriogomes.com.br\/noticias\/wp-json\/wp\/v2\/posts"}],"about":[{"href":"https:\/\/blogdorogeriogomes.com.br\/noticias\/wp-json\/wp\/v2\/types\/post"}],"author":[{"embeddable":true,"href":"https:\/\/blogdorogeriogomes.com.br\/noticias\/wp-json\/wp\/v2\/users\/1"}],"replies":[{"embeddable":true,"href":"https:\/\/blogdorogeriogomes.com.br\/noticias\/wp-json\/wp\/v2\/comments?post=24883"}],"version-history":[{"count":1,"href":"https:\/\/blogdorogeriogomes.com.br\/noticias\/wp-json\/wp\/v2\/posts\/24883\/revisions"}],"predecessor-version":[{"id":24885,"href":"https:\/\/blogdorogeriogomes.com.br\/noticias\/wp-json\/wp\/v2\/posts\/24883\/revisions\/24885"}],"wp:featuredmedia":[{"embeddable":true,"href":"https:\/\/blogdorogeriogomes.com.br\/noticias\/wp-json\/wp\/v2\/media\/24884"}],"wp:attachment":[{"href":"https:\/\/blogdorogeriogomes.com.br\/noticias\/wp-json\/wp\/v2\/media?parent=24883"}],"wp:term":[{"taxonomy":"category","embeddable":true,"href":"https:\/\/blogdorogeriogomes.com.br\/noticias\/wp-json\/wp\/v2\/categories?post=24883"},{"taxonomy":"post_tag","embeddable":true,"href":"https:\/\/blogdorogeriogomes.com.br\/noticias\/wp-json\/wp\/v2\/tags?post=24883"}],"curies":[{"name":"wp","href":"https:\/\/api.w.org\/{rel}","templated":true}]}}