{"id":24894,"date":"2022-04-01T11:48:00","date_gmt":"2022-04-01T11:48:00","guid":{"rendered":"https:\/\/blogdorogeriogomes.com.br\/?p=24894"},"modified":"2022-04-02T13:15:17","modified_gmt":"2022-04-02T13:15:17","slug":"remedios-ficam-mais-caros-em-ate-1089-a-partir-desta-sexta-feira-em-todo-o-pais","status":"publish","type":"post","link":"https:\/\/blogdorogeriogomes.com.br\/noticias\/2022\/04\/remedios-ficam-mais-caros-em-ate-1089-a-partir-desta-sexta-feira-em-todo-o-pais\/","title":{"rendered":"Rem\u00e9dios ficam mais caros em at\u00e9 10,89% a partir desta sexta-feira em todo o Pa\u00eds"},"content":{"rendered":"\n<p>Vem mais aumento por a\u00ed. O Governo Bolsonaro autorizou o reajuste dos pre\u00e7os de medicamentos a partir desta sexta-feira, dia 1\u00ba de abril. Os rem\u00e9dios ter\u00e3o aumento de at\u00e9 10,89%, segundo anunciou a C\u00e2mara de Regula\u00e7\u00e3o do Mercado de Medicamentos, em publica\u00e7\u00e3o no Di\u00e1rio Oficial.<\/p>\n\n\n\n<p>A partir desta sexta, as farmac\u00eauticas j\u00e1 podem aplicar o reajuste \u2013 mas cabe \u00e0s empresas definirem os novos pre\u00e7os, j\u00e1 que os percentuais s\u00e3o os de reajustes m\u00e1ximos.<\/p>\n\n\n\n<p>O reajuste m\u00e1ximo autorizado agora, de 10,89%, ficou acima da infla\u00e7\u00e3o do ano anterior: em 2021, o \u00cdndice de Pre\u00e7os ao Consumidor Amplo (IPCA) ficou em 10,06%.<\/p>\n\n\n\n<figure class=\"wp-block-image size-full\"><img loading=\"lazy\" decoding=\"async\" width=\"639\" height=\"480\" src=\"https:\/\/blogdorogeriogomes.com.br\/wp-content\/uploads\/2022\/04\/images-7.jpeg\" alt=\"\" class=\"wp-image-24895\" srcset=\"https:\/\/blogdorogeriogomes.com.br\/noticias\/wp-content\/uploads\/2022\/04\/images-7.jpeg 639w, https:\/\/blogdorogeriogomes.com.br\/noticias\/wp-content\/uploads\/2022\/04\/images-7-300x225.jpeg 300w, https:\/\/blogdorogeriogomes.com.br\/noticias\/wp-content\/uploads\/2022\/04\/images-7-400x300.jpeg 400w\" sizes=\"auto, (max-width: 639px) 100vw, 639px\" \/><\/figure>\n","protected":false},"excerpt":{"rendered":"<p>Vem mais aumento por a\u00ed. O Governo Bolsonaro autorizou o reajuste dos pre\u00e7os de medicamentos a partir desta sexta-feira, dia 1\u00ba de abril. Os rem\u00e9dios ter\u00e3o aumento de at\u00e9 10,89%, segundo anunciou a C\u00e2mara de Regula\u00e7\u00e3o do Mercado de Medicamentos, em publica\u00e7\u00e3o no Di\u00e1rio Oficial. A partir desta sexta, as farmac\u00eauticas j\u00e1 podem aplicar o reajuste \u2013 mas cabe \u00e0s empresas definirem os novos pre\u00e7os, j\u00e1 que os percentuais s\u00e3o os de reajustes m\u00e1ximos. O reajuste m\u00e1ximo autorizado agora,&hellip;<\/p>\n","protected":false},"author":1,"featured_media":24895,"comment_status":"open","ping_status":"open","sticky":false,"template":"","format":"standard","meta":{"footnotes":""},"categories":[1],"tags":[],"class_list":["post-24894","post","type-post","status-publish","format-standard","has-post-thumbnail","hentry","category-noticias"],"_links":{"self":[{"href":"https:\/\/blogdorogeriogomes.com.br\/noticias\/wp-json\/wp\/v2\/posts\/24894","targetHints":{"allow":["GET"]}}],"collection":[{"href":"https:\/\/blogdorogeriogomes.com.br\/noticias\/wp-json\/wp\/v2\/posts"}],"about":[{"href":"https:\/\/blogdorogeriogomes.com.br\/noticias\/wp-json\/wp\/v2\/types\/post"}],"author":[{"embeddable":true,"href":"https:\/\/blogdorogeriogomes.com.br\/noticias\/wp-json\/wp\/v2\/users\/1"}],"replies":[{"embeddable":true,"href":"https:\/\/blogdorogeriogomes.com.br\/noticias\/wp-json\/wp\/v2\/comments?post=24894"}],"version-history":[{"count":1,"href":"https:\/\/blogdorogeriogomes.com.br\/noticias\/wp-json\/wp\/v2\/posts\/24894\/revisions"}],"predecessor-version":[{"id":24896,"href":"https:\/\/blogdorogeriogomes.com.br\/noticias\/wp-json\/wp\/v2\/posts\/24894\/revisions\/24896"}],"wp:featuredmedia":[{"embeddable":true,"href":"https:\/\/blogdorogeriogomes.com.br\/noticias\/wp-json\/wp\/v2\/media\/24895"}],"wp:attachment":[{"href":"https:\/\/blogdorogeriogomes.com.br\/noticias\/wp-json\/wp\/v2\/media?parent=24894"}],"wp:term":[{"taxonomy":"category","embeddable":true,"href":"https:\/\/blogdorogeriogomes.com.br\/noticias\/wp-json\/wp\/v2\/categories?post=24894"},{"taxonomy":"post_tag","embeddable":true,"href":"https:\/\/blogdorogeriogomes.com.br\/noticias\/wp-json\/wp\/v2\/tags?post=24894"}],"curies":[{"name":"wp","href":"https:\/\/api.w.org\/{rel}","templated":true}]}}