{"id":24903,"date":"2022-04-01T19:46:51","date_gmt":"2022-04-01T19:46:51","guid":{"rendered":"https:\/\/blogdorogeriogomes.com.br\/?p=24903"},"modified":"2022-04-02T13:14:41","modified_gmt":"2022-04-02T13:14:41","slug":"pdt-realiza-ato-de-filiacao-na-assembleia-legislativa-de-olho-nas-eleicoes-de-outubro","status":"publish","type":"post","link":"https:\/\/blogdorogeriogomes.com.br\/noticias\/2022\/04\/pdt-realiza-ato-de-filiacao-na-assembleia-legislativa-de-olho-nas-eleicoes-de-outubro\/","title":{"rendered":"PDT realiza ato de filia\u00e7\u00e3o na Assembleia Legislativa de olho nas elei\u00e7\u00f5es de outubro"},"content":{"rendered":"\n<p>As principais lideran\u00e7as pol\u00edticas do PDT participaram de um ato de filia\u00e7\u00e3o ao partido nesta sexta-feira, dia 1\u00b0 de abril, na Assembleia Legislativa do Cear\u00e1. O objetivo \u00e9 buscar novas lideran\u00e7as do interior que tamb\u00e9m devem concorrer pelo PDT no pleito de outubro.<\/p>\n\n\n\n<p>Entre os l\u00edderes pedetistas presentes ao evento estiveram o ex-prefeito de Fortaleza, Roberto Cl\u00e1udio, o senador Cid Gomes, o presidente da AL, Evandro Leit\u00e3o, e o presidente do PDT do Cear\u00e1, Andr\u00e9 Figueiredo.<\/p>\n\n\n\n<p>&#8220;O ato contou com a participa\u00e7\u00e3o de filiados e de novos integrantes. O nosso partido filiou, principalmente, mulheres de lutas que, agora, v\u00e3o nos ajudar a fortalecer o time, somar esfor\u00e7os e ir \u00e0 luta em busca de uma vida melhor para o nosso povo&#8221;, disse o ex-prefeito Roberto Cl\u00e1udio, que \u00e9 um dos cotados do PDT para concorrer ao Governo do Cear\u00e1 em 2022. <\/p>\n\n\n\n<figure class=\"wp-block-image size-large\"><img loading=\"lazy\" decoding=\"async\" width=\"1024\" height=\"683\" src=\"https:\/\/blogdorogeriogomes.com.br\/wp-content\/uploads\/2022\/04\/IMG-20220401-WA0092-1024x683.jpg\" alt=\"\" class=\"wp-image-24904\" srcset=\"https:\/\/blogdorogeriogomes.com.br\/noticias\/wp-content\/uploads\/2022\/04\/IMG-20220401-WA0092-1024x683.jpg 1024w, https:\/\/blogdorogeriogomes.com.br\/noticias\/wp-content\/uploads\/2022\/04\/IMG-20220401-WA0092-300x200.jpg 300w, https:\/\/blogdorogeriogomes.com.br\/noticias\/wp-content\/uploads\/2022\/04\/IMG-20220401-WA0092-768x512.jpg 768w, https:\/\/blogdorogeriogomes.com.br\/noticias\/wp-content\/uploads\/2022\/04\/IMG-20220401-WA0092-800x533.jpg 800w, https:\/\/blogdorogeriogomes.com.br\/noticias\/wp-content\/uploads\/2022\/04\/IMG-20220401-WA0092.jpg 1065w\" sizes=\"auto, (max-width: 1024px) 100vw, 1024px\" \/><\/figure>\n","protected":false},"excerpt":{"rendered":"<p>As principais lideran\u00e7as pol\u00edticas do PDT participaram de um ato de filia\u00e7\u00e3o ao partido nesta sexta-feira, dia 1\u00b0 de abril, na Assembleia Legislativa do Cear\u00e1. O objetivo \u00e9 buscar novas lideran\u00e7as do interior que tamb\u00e9m devem concorrer pelo PDT no pleito de outubro. Entre os l\u00edderes pedetistas presentes ao evento estiveram o ex-prefeito de Fortaleza, Roberto Cl\u00e1udio, o senador Cid Gomes, o presidente da AL, Evandro Leit\u00e3o, e o presidente do PDT do Cear\u00e1, Andr\u00e9 Figueiredo. &#8220;O ato contou&hellip;<\/p>\n","protected":false},"author":1,"featured_media":24904,"comment_status":"open","ping_status":"open","sticky":false,"template":"","format":"standard","meta":{"footnotes":""},"categories":[1],"tags":[],"class_list":["post-24903","post","type-post","status-publish","format-standard","has-post-thumbnail","hentry","category-noticias"],"_links":{"self":[{"href":"https:\/\/blogdorogeriogomes.com.br\/noticias\/wp-json\/wp\/v2\/posts\/24903","targetHints":{"allow":["GET"]}}],"collection":[{"href":"https:\/\/blogdorogeriogomes.com.br\/noticias\/wp-json\/wp\/v2\/posts"}],"about":[{"href":"https:\/\/blogdorogeriogomes.com.br\/noticias\/wp-json\/wp\/v2\/types\/post"}],"author":[{"embeddable":true,"href":"https:\/\/blogdorogeriogomes.com.br\/noticias\/wp-json\/wp\/v2\/users\/1"}],"replies":[{"embeddable":true,"href":"https:\/\/blogdorogeriogomes.com.br\/noticias\/wp-json\/wp\/v2\/comments?post=24903"}],"version-history":[{"count":1,"href":"https:\/\/blogdorogeriogomes.com.br\/noticias\/wp-json\/wp\/v2\/posts\/24903\/revisions"}],"predecessor-version":[{"id":24905,"href":"https:\/\/blogdorogeriogomes.com.br\/noticias\/wp-json\/wp\/v2\/posts\/24903\/revisions\/24905"}],"wp:featuredmedia":[{"embeddable":true,"href":"https:\/\/blogdorogeriogomes.com.br\/noticias\/wp-json\/wp\/v2\/media\/24904"}],"wp:attachment":[{"href":"https:\/\/blogdorogeriogomes.com.br\/noticias\/wp-json\/wp\/v2\/media?parent=24903"}],"wp:term":[{"taxonomy":"category","embeddable":true,"href":"https:\/\/blogdorogeriogomes.com.br\/noticias\/wp-json\/wp\/v2\/categories?post=24903"},{"taxonomy":"post_tag","embeddable":true,"href":"https:\/\/blogdorogeriogomes.com.br\/noticias\/wp-json\/wp\/v2\/tags?post=24903"}],"curies":[{"name":"wp","href":"https:\/\/api.w.org\/{rel}","templated":true}]}}