{"id":24906,"date":"2022-04-01T20:08:59","date_gmt":"2022-04-01T20:08:59","guid":{"rendered":"https:\/\/blogdorogeriogomes.com.br\/?p=24906"},"modified":"2022-04-02T13:14:11","modified_gmt":"2022-04-02T13:14:11","slug":"sobral-ganha-novo-aeroporto-com-capacidade-para-receber-aeronaves-de-porte-medio","status":"publish","type":"post","link":"https:\/\/blogdorogeriogomes.com.br\/noticias\/2022\/04\/sobral-ganha-novo-aeroporto-com-capacidade-para-receber-aeronaves-de-porte-medio\/","title":{"rendered":"Sobral ganha novo aeroporto com capacidade para receber aeronaves de porte m\u00e9dio"},"content":{"rendered":"\n<p>O novo Aeroporto Regional de Sobral, na Zona Norte do Cear\u00e1, foi entregue nesta sexta-feira, dia 1\u00b0 de abril, pelo Governo do Estado. Foi a \u00faltima inaugura\u00e7\u00e3o que teve \u00e0 frente o governador Camilo Santana, que entrega neste s\u00e1bado o cargo para a vice Izolda Cela. O prefeito de Sobral, Ivo Gomes, tamb\u00e9m esteve presente ao evento de entrega do aeroporto que teve investimento de cerca de R$ 70 milh\u00f5es. <\/p>\n\n\n\n<p>O novo Aeroporto de Sobral promete beneficiar mais de 1 milh\u00e3o e 800 mil habitantes da Zona Norte do Cear\u00e1. O equipamento conta com pista de pouso e decolagem com 1,8km de extens\u00e3o e 30 metros de largura, com capacidade para receber aeronaves de porte m\u00e9dio, tais como o Airbus A319 e o Boeing B737-800 com capacidade para transportar at\u00e9 189 passageiros.<\/p>\n\n\n\n<p>O aeroporto tamb\u00e9m possui estacionamento, p\u00e1tio de aeronaves, taxiamento, balizamento noturno e terminal de passageiros, numa \u00e1rea constru\u00edda de aproximadamente 2 mil metros quadrados (m\u00b2). O terminal contar\u00e1 com salas de espera, embarque e desembarque, administra\u00e7\u00e3o, balc\u00f5es de check-in, controle de voo, al\u00e9m de banheiros e espa\u00e7os para quiosques e lanchonete.<\/p>\n\n\n\n<figure class=\"wp-block-image size-full\"><img loading=\"lazy\" decoding=\"async\" width=\"550\" height=\"499\" src=\"https:\/\/blogdorogeriogomes.com.br\/wp-content\/uploads\/2022\/04\/IMG-20220331-WA0074.jpg\" alt=\"\" class=\"wp-image-24907\" srcset=\"https:\/\/blogdorogeriogomes.com.br\/noticias\/wp-content\/uploads\/2022\/04\/IMG-20220331-WA0074.jpg 550w, https:\/\/blogdorogeriogomes.com.br\/noticias\/wp-content\/uploads\/2022\/04\/IMG-20220331-WA0074-300x272.jpg 300w\" sizes=\"auto, (max-width: 550px) 100vw, 550px\" \/><\/figure>\n","protected":false},"excerpt":{"rendered":"<p>O novo Aeroporto Regional de Sobral, na Zona Norte do Cear\u00e1, foi entregue nesta sexta-feira, dia 1\u00b0 de abril, pelo Governo do Estado. Foi a \u00faltima inaugura\u00e7\u00e3o que teve \u00e0 frente o governador Camilo Santana, que entrega neste s\u00e1bado o cargo para a vice Izolda Cela. O prefeito de Sobral, Ivo Gomes, tamb\u00e9m esteve presente ao evento de entrega do aeroporto que teve investimento de cerca de R$ 70 milh\u00f5es. O novo Aeroporto de Sobral promete beneficiar mais de&hellip;<\/p>\n","protected":false},"author":1,"featured_media":24907,"comment_status":"open","ping_status":"open","sticky":false,"template":"","format":"standard","meta":{"footnotes":""},"categories":[1],"tags":[],"class_list":["post-24906","post","type-post","status-publish","format-standard","has-post-thumbnail","hentry","category-noticias"],"_links":{"self":[{"href":"https:\/\/blogdorogeriogomes.com.br\/noticias\/wp-json\/wp\/v2\/posts\/24906","targetHints":{"allow":["GET"]}}],"collection":[{"href":"https:\/\/blogdorogeriogomes.com.br\/noticias\/wp-json\/wp\/v2\/posts"}],"about":[{"href":"https:\/\/blogdorogeriogomes.com.br\/noticias\/wp-json\/wp\/v2\/types\/post"}],"author":[{"embeddable":true,"href":"https:\/\/blogdorogeriogomes.com.br\/noticias\/wp-json\/wp\/v2\/users\/1"}],"replies":[{"embeddable":true,"href":"https:\/\/blogdorogeriogomes.com.br\/noticias\/wp-json\/wp\/v2\/comments?post=24906"}],"version-history":[{"count":1,"href":"https:\/\/blogdorogeriogomes.com.br\/noticias\/wp-json\/wp\/v2\/posts\/24906\/revisions"}],"predecessor-version":[{"id":24908,"href":"https:\/\/blogdorogeriogomes.com.br\/noticias\/wp-json\/wp\/v2\/posts\/24906\/revisions\/24908"}],"wp:featuredmedia":[{"embeddable":true,"href":"https:\/\/blogdorogeriogomes.com.br\/noticias\/wp-json\/wp\/v2\/media\/24907"}],"wp:attachment":[{"href":"https:\/\/blogdorogeriogomes.com.br\/noticias\/wp-json\/wp\/v2\/media?parent=24906"}],"wp:term":[{"taxonomy":"category","embeddable":true,"href":"https:\/\/blogdorogeriogomes.com.br\/noticias\/wp-json\/wp\/v2\/categories?post=24906"},{"taxonomy":"post_tag","embeddable":true,"href":"https:\/\/blogdorogeriogomes.com.br\/noticias\/wp-json\/wp\/v2\/tags?post=24906"}],"curies":[{"name":"wp","href":"https:\/\/api.w.org\/{rel}","templated":true}]}}