{"id":24913,"date":"2022-04-02T09:51:27","date_gmt":"2022-04-02T09:51:27","guid":{"rendered":"https:\/\/blogdorogeriogomes.com.br\/?p=24913"},"modified":"2022-04-02T13:13:52","modified_gmt":"2022-04-02T13:13:52","slug":"camilo-santana-renuncia-e-izolda-cela-assume-governo-do-ceara-neste-sabado","status":"publish","type":"post","link":"https:\/\/blogdorogeriogomes.com.br\/noticias\/2022\/04\/camilo-santana-renuncia-e-izolda-cela-assume-governo-do-ceara-neste-sabado\/","title":{"rendered":"Camilo Santana renuncia e Izolda Cela assume Governo do Cear\u00e1 neste s\u00e1bado"},"content":{"rendered":"\n<p>O governador Camilo Santana (PT) apresentou uma carta nesta sexta-feira, dia 1\u00b0 de abril, renunciando ao mandato de Governador do Cear\u00e1. Neste s\u00e1bado, dia 2, ele transmite o cargo para a nova governadora Izolda Cela (PDT), que era sua vice, em solenidade na Assembleia Legislativa do Cear\u00e1.<\/p>\n\n\n\n<p>Camilo Santana deixa o Governo, segundo pesquisa Opnus, com 78% de aprova\u00e7\u00e3o. Ele ser\u00e1 candidato ao Senado Federal nas elei\u00e7\u00f5es do m\u00eas de outubro. Falta ainda definir quem ser\u00e1 o candidato governista ao Pal\u00e1cio da Aboli\u00e7\u00e3o.<\/p>\n\n\n\n<p>Os \u00faltimos dias de mandato de Camilo Santana foram de uma maratona de inaugura\u00e7\u00f5es na Capital e no interior. Sempre acompanhado da pr\u00f3pria Izolda Cela, como dos nomes do PDT que se apresentam como pr\u00e9-candidatos ao Governo do Estado em 2022. S\u00e3o eles: o ex-prefeito de Fortaleza, Roberto Cl\u00e1udio; o presidente da Assembleia Legislativa, Evandro Leit\u00e3o; o deputado federal Mauro Filho; e a pr\u00f3pria Izolda Cela, que poder\u00e1 ser candidata \u00e0 reelei\u00e7\u00e3o se for escolhida pela frente governista.<\/p>\n\n\n\n<p>&#8220;Izolda esteve ao meu lado ao longo desses 7 anos e 3 meses, nos momentos de avan\u00e7os, mas tamb\u00e9m nos momentos desafiadoras, sempre ao meu lado. Conhece bem o governo, est\u00e1 preparada pra continuar todas as a\u00e7\u00f5es que est\u00e3o planejadas at\u00e9 o final de 2022&#8221;, disse Camilo Santana.<\/p>\n\n\n\n<p>A nova governadora Izolda Cela diz que n\u00e3o tem pretens\u00e3o de realizar mudan\u00e7as na composi\u00e7\u00e3o do secretariado estadual. &#8220;Temos uma equipe afinada, dedicada e com uma forma\u00e7\u00e3o da qual eu participei. Ent\u00e3o n\u00e3o tenho ansiedades com rela\u00e7\u00e3o a mudan\u00e7as, n\u00e3o\u201d, confirmou Izolda Cela.<\/p>\n\n\n\n<p>Ela ser\u00e1 a primeira mulher a comandar o Executivo do Cear\u00e1 e garante que o cronograma de obras para 2022 ser\u00e1 devidamente cumprido. \u201cTemos muitas obras e servi\u00e7os a entregar. Uma das minhas tarefas \u00e9 manter esse ritmo e entregar obras importantes para a vida das pessoas\u201d, garantiu Izolda Cela.<\/p>\n\n\n\n<figure class=\"wp-block-image size-large\"><img loading=\"lazy\" decoding=\"async\" width=\"1024\" height=\"576\" src=\"https:\/\/blogdorogeriogomes.com.br\/wp-content\/uploads\/2022\/04\/IMG-20220402-WA0003-1024x576.jpg\" alt=\"\" class=\"wp-image-24914\" srcset=\"https:\/\/blogdorogeriogomes.com.br\/noticias\/wp-content\/uploads\/2022\/04\/IMG-20220402-WA0003-1024x576.jpg 1024w, https:\/\/blogdorogeriogomes.com.br\/noticias\/wp-content\/uploads\/2022\/04\/IMG-20220402-WA0003-300x169.jpg 300w, https:\/\/blogdorogeriogomes.com.br\/noticias\/wp-content\/uploads\/2022\/04\/IMG-20220402-WA0003-768x432.jpg 768w, https:\/\/blogdorogeriogomes.com.br\/noticias\/wp-content\/uploads\/2022\/04\/IMG-20220402-WA0003-800x450.jpg 800w, https:\/\/blogdorogeriogomes.com.br\/noticias\/wp-content\/uploads\/2022\/04\/IMG-20220402-WA0003.jpg 1080w\" sizes=\"auto, (max-width: 1024px) 100vw, 1024px\" \/><\/figure>\n","protected":false},"excerpt":{"rendered":"<p>O governador Camilo Santana (PT) apresentou uma carta nesta sexta-feira, dia 1\u00b0 de abril, renunciando ao mandato de Governador do Cear\u00e1. Neste s\u00e1bado, dia 2, ele transmite o cargo para a nova governadora Izolda Cela (PDT), que era sua vice, em solenidade na Assembleia Legislativa do Cear\u00e1. Camilo Santana deixa o Governo, segundo pesquisa Opnus, com 78% de aprova\u00e7\u00e3o. Ele ser\u00e1 candidato ao Senado Federal nas elei\u00e7\u00f5es do m\u00eas de outubro. Falta ainda definir quem ser\u00e1 o candidato governista&hellip;<\/p>\n","protected":false},"author":1,"featured_media":24914,"comment_status":"open","ping_status":"open","sticky":false,"template":"","format":"standard","meta":{"footnotes":""},"categories":[1],"tags":[],"class_list":["post-24913","post","type-post","status-publish","format-standard","has-post-thumbnail","hentry","category-noticias"],"_links":{"self":[{"href":"https:\/\/blogdorogeriogomes.com.br\/noticias\/wp-json\/wp\/v2\/posts\/24913","targetHints":{"allow":["GET"]}}],"collection":[{"href":"https:\/\/blogdorogeriogomes.com.br\/noticias\/wp-json\/wp\/v2\/posts"}],"about":[{"href":"https:\/\/blogdorogeriogomes.com.br\/noticias\/wp-json\/wp\/v2\/types\/post"}],"author":[{"embeddable":true,"href":"https:\/\/blogdorogeriogomes.com.br\/noticias\/wp-json\/wp\/v2\/users\/1"}],"replies":[{"embeddable":true,"href":"https:\/\/blogdorogeriogomes.com.br\/noticias\/wp-json\/wp\/v2\/comments?post=24913"}],"version-history":[{"count":2,"href":"https:\/\/blogdorogeriogomes.com.br\/noticias\/wp-json\/wp\/v2\/posts\/24913\/revisions"}],"predecessor-version":[{"id":24919,"href":"https:\/\/blogdorogeriogomes.com.br\/noticias\/wp-json\/wp\/v2\/posts\/24913\/revisions\/24919"}],"wp:featuredmedia":[{"embeddable":true,"href":"https:\/\/blogdorogeriogomes.com.br\/noticias\/wp-json\/wp\/v2\/media\/24914"}],"wp:attachment":[{"href":"https:\/\/blogdorogeriogomes.com.br\/noticias\/wp-json\/wp\/v2\/media?parent=24913"}],"wp:term":[{"taxonomy":"category","embeddable":true,"href":"https:\/\/blogdorogeriogomes.com.br\/noticias\/wp-json\/wp\/v2\/categories?post=24913"},{"taxonomy":"post_tag","embeddable":true,"href":"https:\/\/blogdorogeriogomes.com.br\/noticias\/wp-json\/wp\/v2\/tags?post=24913"}],"curies":[{"name":"wp","href":"https:\/\/api.w.org\/{rel}","templated":true}]}}