{"id":24916,"date":"2022-04-02T10:26:24","date_gmt":"2022-04-02T10:26:24","guid":{"rendered":"https:\/\/blogdorogeriogomes.com.br\/?p=24916"},"modified":"2022-04-02T13:13:54","modified_gmt":"2022-04-02T13:13:54","slug":"crato-passa-a-contar-com-o-centro-cultural-do-cariri-com-opcoes-de-arte-esporte-e-lazer","status":"publish","type":"post","link":"https:\/\/blogdorogeriogomes.com.br\/noticias\/2022\/04\/crato-passa-a-contar-com-o-centro-cultural-do-cariri-com-opcoes-de-arte-esporte-e-lazer\/","title":{"rendered":"Crato passa a contar com o Centro Cultural do Cariri com op\u00e7\u00f5es de arte, esporte e lazer"},"content":{"rendered":"\n<p>A Regi\u00e3o do Cariri ganhou um importante espa\u00e7o para as manifesta\u00e7\u00f5es culturais, aliadas \u00e0 conviv\u00eancia da popula\u00e7\u00e3o atrav\u00e9s de equipamentos de esporte e lazer. Nesta sexta-feira, dia 1\u00b0 de abril, em sua \u00faltima agenda como governador do Cear\u00e1, Camilo Santana inaugurou o Centro Cultural do Cariri S\u00e9rvulo Esmeraldo, em Crato. <\/p>\n\n\n\n<p>O equipamento tem 58.000 m\u00b2 e conta com museu, planet\u00e1rio, teatro, resid\u00eancias art\u00edsticas, espa\u00e7os para ensino, pesquisa, artesanato, exposi\u00e7\u00f5es e workshops, al\u00e9m de um parque verde a ser revitalizado e entornos urbanizados.<\/p>\n\n\n\n<p>Nesta primeira etapa entregue do Centro Cultural do Cariri, foram inauguradas areninha, pista de skate e brinquedopra\u00e7a, que est\u00e3o na parte externa do equipamento. Na parte interna, as obras de edifica\u00e7\u00e3o continuam.<\/p>\n\n\n\n<figure class=\"wp-block-image size-full\"><img loading=\"lazy\" decoding=\"async\" width=\"960\" height=\"640\" src=\"https:\/\/blogdorogeriogomes.com.br\/wp-content\/uploads\/2022\/04\/IMG-20220402-WA0004.jpg\" alt=\"\" class=\"wp-image-24917\" srcset=\"https:\/\/blogdorogeriogomes.com.br\/noticias\/wp-content\/uploads\/2022\/04\/IMG-20220402-WA0004.jpg 960w, https:\/\/blogdorogeriogomes.com.br\/noticias\/wp-content\/uploads\/2022\/04\/IMG-20220402-WA0004-300x200.jpg 300w, https:\/\/blogdorogeriogomes.com.br\/noticias\/wp-content\/uploads\/2022\/04\/IMG-20220402-WA0004-768x512.jpg 768w, https:\/\/blogdorogeriogomes.com.br\/noticias\/wp-content\/uploads\/2022\/04\/IMG-20220402-WA0004-800x533.jpg 800w\" sizes=\"auto, (max-width: 960px) 100vw, 960px\" \/><\/figure>\n","protected":false},"excerpt":{"rendered":"<p>A Regi\u00e3o do Cariri ganhou um importante espa\u00e7o para as manifesta\u00e7\u00f5es culturais, aliadas \u00e0 conviv\u00eancia da popula\u00e7\u00e3o atrav\u00e9s de equipamentos de esporte e lazer. Nesta sexta-feira, dia 1\u00b0 de abril, em sua \u00faltima agenda como governador do Cear\u00e1, Camilo Santana inaugurou o Centro Cultural do Cariri S\u00e9rvulo Esmeraldo, em Crato. O equipamento tem 58.000 m\u00b2 e conta com museu, planet\u00e1rio, teatro, resid\u00eancias art\u00edsticas, espa\u00e7os para ensino, pesquisa, artesanato, exposi\u00e7\u00f5es e workshops, al\u00e9m de um parque verde a ser revitalizado&hellip;<\/p>\n","protected":false},"author":1,"featured_media":24917,"comment_status":"open","ping_status":"open","sticky":false,"template":"","format":"standard","meta":{"footnotes":""},"categories":[1],"tags":[],"class_list":["post-24916","post","type-post","status-publish","format-standard","has-post-thumbnail","hentry","category-noticias"],"_links":{"self":[{"href":"https:\/\/blogdorogeriogomes.com.br\/noticias\/wp-json\/wp\/v2\/posts\/24916","targetHints":{"allow":["GET"]}}],"collection":[{"href":"https:\/\/blogdorogeriogomes.com.br\/noticias\/wp-json\/wp\/v2\/posts"}],"about":[{"href":"https:\/\/blogdorogeriogomes.com.br\/noticias\/wp-json\/wp\/v2\/types\/post"}],"author":[{"embeddable":true,"href":"https:\/\/blogdorogeriogomes.com.br\/noticias\/wp-json\/wp\/v2\/users\/1"}],"replies":[{"embeddable":true,"href":"https:\/\/blogdorogeriogomes.com.br\/noticias\/wp-json\/wp\/v2\/comments?post=24916"}],"version-history":[{"count":1,"href":"https:\/\/blogdorogeriogomes.com.br\/noticias\/wp-json\/wp\/v2\/posts\/24916\/revisions"}],"predecessor-version":[{"id":24918,"href":"https:\/\/blogdorogeriogomes.com.br\/noticias\/wp-json\/wp\/v2\/posts\/24916\/revisions\/24918"}],"wp:featuredmedia":[{"embeddable":true,"href":"https:\/\/blogdorogeriogomes.com.br\/noticias\/wp-json\/wp\/v2\/media\/24917"}],"wp:attachment":[{"href":"https:\/\/blogdorogeriogomes.com.br\/noticias\/wp-json\/wp\/v2\/media?parent=24916"}],"wp:term":[{"taxonomy":"category","embeddable":true,"href":"https:\/\/blogdorogeriogomes.com.br\/noticias\/wp-json\/wp\/v2\/categories?post=24916"},{"taxonomy":"post_tag","embeddable":true,"href":"https:\/\/blogdorogeriogomes.com.br\/noticias\/wp-json\/wp\/v2\/tags?post=24916"}],"curies":[{"name":"wp","href":"https:\/\/api.w.org\/{rel}","templated":true}]}}