{"id":24920,"date":"2022-04-04T11:37:28","date_gmt":"2022-04-04T11:37:28","guid":{"rendered":"https:\/\/blogdorogeriogomes.com.br\/?p=24920"},"modified":"2022-04-06T12:13:39","modified_gmt":"2022-04-06T12:13:39","slug":"justica-determina-nova-data-para-eleicoes-na-fecomercio-no-ceara","status":"publish","type":"post","link":"https:\/\/blogdorogeriogomes.com.br\/noticias\/2022\/04\/justica-determina-nova-data-para-eleicoes-na-fecomercio-no-ceara\/","title":{"rendered":"Justi\u00e7a determina nova data para elei\u00e7\u00f5es na Fecom\u00e9rcio no Cear\u00e1"},"content":{"rendered":"\n<p>A Justi\u00e7a Federal determinou que as elei\u00e7\u00f5es na Fecom\u00e9rcio\/CE devem acontecer no per\u00edodo entre os dias 24 a 29 de abril. A decis\u00e3o anula a antecipa\u00e7\u00e3o do pleito para a nova diretoria da entidade que estava marcado para esta ter\u00e7a-feira, dia 5 de abril. As elei\u00e7\u00f5es na Fecom\u00e9rcio\/CE vai apontar uma nova diretoria para o mandato entre 2022 e 2026. Est\u00e3o no p\u00e1reo o atual presidente Luis Gast\u00e3o e o vice Maur\u00edcio Filizola.<\/p>\n\n\n\n<p>A liminar que adiou as elei\u00e7\u00f5es na Fecom\u00e9rcio\/CE partiu do desembargador Federal do Trabalho, Jos\u00e9 Ant\u00f4nio Parente da Silva, na tarde deste domingo, dia 3 de abril, ao&nbsp;atender mandado de seguran\u00e7a impetrado pelo candidato Maur\u00edcio Filizola, contra decis\u00e3o do Ju\u00edzo da 9\u00aa Vara do Trabalho de Fortaleza.<br>O desembargador Jos\u00e9 Ant\u00f4nio Parente avaliou que &#8220;as normas que disciplinam a sincronia eleitoral buscam garantir que os representantes eleitos da Federa\u00e7\u00e3o possam concorrer a cargos junto \u00e0 Confedera\u00e7\u00e3o, acaso o pleito ocorra no m\u00e1ximo 90 (noventa) dias antes do in\u00edcio do prazo para registro de chapa concorrente \u00e0s elei\u00e7\u00f5es da CNC&#8221;.<\/p>\n\n\n\n<p>De acordo com a chapa oposicionista na Fecom\u00e9rcio\/CE, a antecipa\u00e7\u00e3o da elei\u00e7\u00e3o para o dia 5 de abril desconsideraria uma poss\u00edvel condena\u00e7\u00e3o do atual presidente Luis Gast\u00e3o, caso fosse eleito para o s\u00e9timo mandato seguido, de um julgamento da auditoria realizada no Sesc, que indica graves irregularidades na gest\u00e3o Luiz Gast\u00e3o, quando interventor do \u00f3rg\u00e3o.<\/p>\n\n\n\n<figure class=\"wp-block-image size-full\"><img loading=\"lazy\" decoding=\"async\" width=\"600\" height=\"320\" src=\"https:\/\/blogdorogeriogomes.com.br\/wp-content\/uploads\/2022\/04\/images.jpeg\" alt=\"\" class=\"wp-image-24921\" srcset=\"https:\/\/blogdorogeriogomes.com.br\/noticias\/wp-content\/uploads\/2022\/04\/images.jpeg 600w, https:\/\/blogdorogeriogomes.com.br\/noticias\/wp-content\/uploads\/2022\/04\/images-300x160.jpeg 300w\" sizes=\"auto, (max-width: 600px) 100vw, 600px\" \/><\/figure>\n","protected":false},"excerpt":{"rendered":"<p>A Justi\u00e7a Federal determinou que as elei\u00e7\u00f5es na Fecom\u00e9rcio\/CE devem acontecer no per\u00edodo entre os dias 24 a 29 de abril. A decis\u00e3o anula a antecipa\u00e7\u00e3o do pleito para a nova diretoria da entidade que estava marcado para esta ter\u00e7a-feira, dia 5 de abril. As elei\u00e7\u00f5es na Fecom\u00e9rcio\/CE vai apontar uma nova diretoria para o mandato entre 2022 e 2026. Est\u00e3o no p\u00e1reo o atual presidente Luis Gast\u00e3o e o vice Maur\u00edcio Filizola. A liminar que adiou as elei\u00e7\u00f5es&hellip;<\/p>\n","protected":false},"author":1,"featured_media":24921,"comment_status":"open","ping_status":"open","sticky":false,"template":"","format":"standard","meta":{"footnotes":""},"categories":[1],"tags":[],"class_list":["post-24920","post","type-post","status-publish","format-standard","has-post-thumbnail","hentry","category-noticias"],"_links":{"self":[{"href":"https:\/\/blogdorogeriogomes.com.br\/noticias\/wp-json\/wp\/v2\/posts\/24920","targetHints":{"allow":["GET"]}}],"collection":[{"href":"https:\/\/blogdorogeriogomes.com.br\/noticias\/wp-json\/wp\/v2\/posts"}],"about":[{"href":"https:\/\/blogdorogeriogomes.com.br\/noticias\/wp-json\/wp\/v2\/types\/post"}],"author":[{"embeddable":true,"href":"https:\/\/blogdorogeriogomes.com.br\/noticias\/wp-json\/wp\/v2\/users\/1"}],"replies":[{"embeddable":true,"href":"https:\/\/blogdorogeriogomes.com.br\/noticias\/wp-json\/wp\/v2\/comments?post=24920"}],"version-history":[{"count":2,"href":"https:\/\/blogdorogeriogomes.com.br\/noticias\/wp-json\/wp\/v2\/posts\/24920\/revisions"}],"predecessor-version":[{"id":24959,"href":"https:\/\/blogdorogeriogomes.com.br\/noticias\/wp-json\/wp\/v2\/posts\/24920\/revisions\/24959"}],"wp:featuredmedia":[{"embeddable":true,"href":"https:\/\/blogdorogeriogomes.com.br\/noticias\/wp-json\/wp\/v2\/media\/24921"}],"wp:attachment":[{"href":"https:\/\/blogdorogeriogomes.com.br\/noticias\/wp-json\/wp\/v2\/media?parent=24920"}],"wp:term":[{"taxonomy":"category","embeddable":true,"href":"https:\/\/blogdorogeriogomes.com.br\/noticias\/wp-json\/wp\/v2\/categories?post=24920"},{"taxonomy":"post_tag","embeddable":true,"href":"https:\/\/blogdorogeriogomes.com.br\/noticias\/wp-json\/wp\/v2\/tags?post=24920"}],"curies":[{"name":"wp","href":"https:\/\/api.w.org\/{rel}","templated":true}]}}