{"id":24926,"date":"2022-04-04T12:19:05","date_gmt":"2022-04-04T12:19:05","guid":{"rendered":"https:\/\/blogdorogeriogomes.com.br\/?p=24926"},"modified":"2022-04-06T12:13:22","modified_gmt":"2022-04-06T12:13:22","slug":"governadora-izolda-cela-faz-primeira-reuniao-com-o-secretariado-no-palacio-da-abolicao","status":"publish","type":"post","link":"https:\/\/blogdorogeriogomes.com.br\/noticias\/2022\/04\/governadora-izolda-cela-faz-primeira-reuniao-com-o-secretariado-no-palacio-da-abolicao\/","title":{"rendered":"Governadora Izolda Cela faz primeira reuni\u00e3o com o secretariado no Pal\u00e1cio da Aboli\u00e7\u00e3o"},"content":{"rendered":"\n<p>A governadora do Cear\u00e1, Izolda Cela (PDT), faz a sua primeira reuni\u00e3o com o secretariado estadual nesta segunda-feira, dia 4 de abril, no Pal\u00e1cio da Aboli\u00e7\u00e3o. O objetivo do encontro \u00e9 fazer uma&nbsp;avalia\u00e7\u00e3o das a\u00e7\u00f5es e projetos do governo estadual. H\u00e1 ainda muitas obras em andamento e que devem ser entregues at\u00e9 o fim do ano.<\/p>\n\n\n\n<p>Izolda Cela decidiu manter os mesmos secret\u00e1rios do Governo Camilo Santana. Uma das poucas mudan\u00e7as acontece na Secretaria de Prote\u00e7\u00e3o Social, Justi\u00e7a, Cidadania, Mulheres e Direitos Humanos, j\u00e1 que a secret\u00e1ria Socorro Fran\u00e7a resolveu deixar a fun\u00e7\u00e3o.<\/p>\n\n\n\n<p>A nova governadora Izolda Cela tomou posse no s\u00e1bado passado e \u00e9 a primeira mulher a governar o Cear\u00e1. Camilo Santana (PT) renunciou ao mandato de Governador para ser candidato a senador nas elei\u00e7\u00f5es de outubro.<\/p>\n\n\n\n<figure class=\"wp-block-image size-large\"><img loading=\"lazy\" decoding=\"async\" width=\"1024\" height=\"684\" src=\"https:\/\/blogdorogeriogomes.com.br\/wp-content\/uploads\/2022\/04\/220402_POSSE-GOV-IZOLDA-CELA_AL_CGM5449-1200x802-1-1024x684.jpg\" alt=\"\" class=\"wp-image-24927\" srcset=\"https:\/\/blogdorogeriogomes.com.br\/noticias\/wp-content\/uploads\/2022\/04\/220402_POSSE-GOV-IZOLDA-CELA_AL_CGM5449-1200x802-1-1024x684.jpg 1024w, https:\/\/blogdorogeriogomes.com.br\/noticias\/wp-content\/uploads\/2022\/04\/220402_POSSE-GOV-IZOLDA-CELA_AL_CGM5449-1200x802-1-300x201.jpg 300w, https:\/\/blogdorogeriogomes.com.br\/noticias\/wp-content\/uploads\/2022\/04\/220402_POSSE-GOV-IZOLDA-CELA_AL_CGM5449-1200x802-1-768x513.jpg 768w, https:\/\/blogdorogeriogomes.com.br\/noticias\/wp-content\/uploads\/2022\/04\/220402_POSSE-GOV-IZOLDA-CELA_AL_CGM5449-1200x802-1-800x535.jpg 800w, https:\/\/blogdorogeriogomes.com.br\/noticias\/wp-content\/uploads\/2022\/04\/220402_POSSE-GOV-IZOLDA-CELA_AL_CGM5449-1200x802-1.jpg 1200w\" sizes=\"auto, (max-width: 1024px) 100vw, 1024px\" \/><\/figure>\n\n\n\n<p><\/p>\n","protected":false},"excerpt":{"rendered":"<p>A governadora do Cear\u00e1, Izolda Cela (PDT), faz a sua primeira reuni\u00e3o com o secretariado estadual nesta segunda-feira, dia 4 de abril, no Pal\u00e1cio da Aboli\u00e7\u00e3o. O objetivo do encontro \u00e9 fazer uma&nbsp;avalia\u00e7\u00e3o das a\u00e7\u00f5es e projetos do governo estadual. H\u00e1 ainda muitas obras em andamento e que devem ser entregues at\u00e9 o fim do ano. Izolda Cela decidiu manter os mesmos secret\u00e1rios do Governo Camilo Santana. Uma das poucas mudan\u00e7as acontece na Secretaria de Prote\u00e7\u00e3o Social, Justi\u00e7a, Cidadania,&hellip;<\/p>\n","protected":false},"author":1,"featured_media":24927,"comment_status":"open","ping_status":"open","sticky":false,"template":"","format":"standard","meta":{"footnotes":""},"categories":[1],"tags":[],"class_list":["post-24926","post","type-post","status-publish","format-standard","has-post-thumbnail","hentry","category-noticias"],"_links":{"self":[{"href":"https:\/\/blogdorogeriogomes.com.br\/noticias\/wp-json\/wp\/v2\/posts\/24926","targetHints":{"allow":["GET"]}}],"collection":[{"href":"https:\/\/blogdorogeriogomes.com.br\/noticias\/wp-json\/wp\/v2\/posts"}],"about":[{"href":"https:\/\/blogdorogeriogomes.com.br\/noticias\/wp-json\/wp\/v2\/types\/post"}],"author":[{"embeddable":true,"href":"https:\/\/blogdorogeriogomes.com.br\/noticias\/wp-json\/wp\/v2\/users\/1"}],"replies":[{"embeddable":true,"href":"https:\/\/blogdorogeriogomes.com.br\/noticias\/wp-json\/wp\/v2\/comments?post=24926"}],"version-history":[{"count":2,"href":"https:\/\/blogdorogeriogomes.com.br\/noticias\/wp-json\/wp\/v2\/posts\/24926\/revisions"}],"predecessor-version":[{"id":24958,"href":"https:\/\/blogdorogeriogomes.com.br\/noticias\/wp-json\/wp\/v2\/posts\/24926\/revisions\/24958"}],"wp:featuredmedia":[{"embeddable":true,"href":"https:\/\/blogdorogeriogomes.com.br\/noticias\/wp-json\/wp\/v2\/media\/24927"}],"wp:attachment":[{"href":"https:\/\/blogdorogeriogomes.com.br\/noticias\/wp-json\/wp\/v2\/media?parent=24926"}],"wp:term":[{"taxonomy":"category","embeddable":true,"href":"https:\/\/blogdorogeriogomes.com.br\/noticias\/wp-json\/wp\/v2\/categories?post=24926"},{"taxonomy":"post_tag","embeddable":true,"href":"https:\/\/blogdorogeriogomes.com.br\/noticias\/wp-json\/wp\/v2\/tags?post=24926"}],"curies":[{"name":"wp","href":"https:\/\/api.w.org\/{rel}","templated":true}]}}