{"id":24929,"date":"2022-04-04T22:41:38","date_gmt":"2022-04-04T22:41:38","guid":{"rendered":"https:\/\/blogdorogeriogomes.com.br\/?p=24929"},"modified":"2022-04-06T12:13:16","modified_gmt":"2022-04-06T12:13:16","slug":"nova-denuncia-no-ministerio-da-educacao-sobre-compra-de-onibus-superfaturados-mp-no-tcu-pede-suspensao-do-pregao-nesta-terca-feira","status":"publish","type":"post","link":"https:\/\/blogdorogeriogomes.com.br\/noticias\/2022\/04\/nova-denuncia-no-ministerio-da-educacao-sobre-compra-de-onibus-superfaturados-mp-no-tcu-pede-suspensao-do-pregao-nesta-terca-feira\/","title":{"rendered":"Nova den\u00fancia no Minist\u00e9rio da Educa\u00e7\u00e3o sobre compra de \u00f4nibus superfaturados. MP no TCU pede suspens\u00e3o do preg\u00e3o nesta ter\u00e7a-feira"},"content":{"rendered":"\n<p>Um novo esc\u00e2ndalo volta a colocar o Minist\u00e9rio da Educa\u00e7\u00e3o no notici\u00e1rio nacional. Desta vez, envolvendo a den\u00fancia de superfaturamento na compra de \u00f4nibus escolares pela pasta.<div>O subprocurador-geral Lucas Rocha Furtado, do Minist\u00e9rio P\u00fablico junto ao Tribunal de Contas da Uni\u00e3o, pediu \u00e0 corte de contas que suspenda o preg\u00e3o eletr\u00f4nico do Fundo Nacional de Desenvolvimento da Educa\u00e7\u00e3o (FNDE), que prev\u00ea a compra de 3.850 \u00f4nibus rurais escolares com pre\u00e7os inflados. A licita\u00e7\u00e3o tem indica\u00e7\u00e3o de sobrepre\u00e7o de at\u00e9 R$ 732 milh\u00f5es. O preg\u00e3o eletr\u00f4nico est\u00e1 marcado para esta ter\u00e7a-feira, dia 5 de abril.<\/div><\/p>\n\n\n\n<p>Lucas Rocha Furtado ainda lembrou o recente esc\u00e2ndalo de corrup\u00e7\u00e3o envolvendo pastores lobistas no Minist\u00e9rio da Educa\u00e7\u00e3o, que, segundo prefeitos, teriam pedido propina para liberar recursos no minist\u00e9rio.<\/p>\n\n\n\n<figure class=\"wp-block-image size-full\"><img loading=\"lazy\" decoding=\"async\" width=\"450\" height=\"337\" src=\"https:\/\/blogdorogeriogomes.com.br\/wp-content\/uploads\/2022\/04\/onibus-escolares-comprados-pelo-ministerio-da-educacao-1649103570275_v2_450x337.jpg.webp\" alt=\"\" class=\"wp-image-24930\" srcset=\"https:\/\/blogdorogeriogomes.com.br\/noticias\/wp-content\/uploads\/2022\/04\/onibus-escolares-comprados-pelo-ministerio-da-educacao-1649103570275_v2_450x337.jpg.webp 450w, https:\/\/blogdorogeriogomes.com.br\/noticias\/wp-content\/uploads\/2022\/04\/onibus-escolares-comprados-pelo-ministerio-da-educacao-1649103570275_v2_450x337.jpg-300x225.webp 300w, https:\/\/blogdorogeriogomes.com.br\/noticias\/wp-content\/uploads\/2022\/04\/onibus-escolares-comprados-pelo-ministerio-da-educacao-1649103570275_v2_450x337.jpg-400x300.webp 400w\" sizes=\"auto, (max-width: 450px) 100vw, 450px\" \/><\/figure>\n","protected":false},"excerpt":{"rendered":"<p>Um novo esc\u00e2ndalo volta a colocar o Minist\u00e9rio da Educa\u00e7\u00e3o no notici\u00e1rio nacional. Desta vez, envolvendo a den\u00fancia de superfaturamento na compra de \u00f4nibus escolares pela pasta. O subprocurador-geral Lucas Rocha Furtado, do Minist\u00e9rio P\u00fablico junto ao Tribunal de Contas da Uni\u00e3o, pediu \u00e0 corte de contas que suspenda o preg\u00e3o eletr\u00f4nico do Fundo Nacional de Desenvolvimento da Educa\u00e7\u00e3o (FNDE), que prev\u00ea a compra de 3.850 \u00f4nibus rurais escolares com pre\u00e7os inflados. A licita\u00e7\u00e3o tem indica\u00e7\u00e3o de sobrepre\u00e7o de&hellip;<\/p>\n","protected":false},"author":1,"featured_media":24930,"comment_status":"open","ping_status":"open","sticky":false,"template":"","format":"standard","meta":{"footnotes":""},"categories":[1],"tags":[],"class_list":["post-24929","post","type-post","status-publish","format-standard","has-post-thumbnail","hentry","category-noticias"],"_links":{"self":[{"href":"https:\/\/blogdorogeriogomes.com.br\/noticias\/wp-json\/wp\/v2\/posts\/24929","targetHints":{"allow":["GET"]}}],"collection":[{"href":"https:\/\/blogdorogeriogomes.com.br\/noticias\/wp-json\/wp\/v2\/posts"}],"about":[{"href":"https:\/\/blogdorogeriogomes.com.br\/noticias\/wp-json\/wp\/v2\/types\/post"}],"author":[{"embeddable":true,"href":"https:\/\/blogdorogeriogomes.com.br\/noticias\/wp-json\/wp\/v2\/users\/1"}],"replies":[{"embeddable":true,"href":"https:\/\/blogdorogeriogomes.com.br\/noticias\/wp-json\/wp\/v2\/comments?post=24929"}],"version-history":[{"count":1,"href":"https:\/\/blogdorogeriogomes.com.br\/noticias\/wp-json\/wp\/v2\/posts\/24929\/revisions"}],"predecessor-version":[{"id":24931,"href":"https:\/\/blogdorogeriogomes.com.br\/noticias\/wp-json\/wp\/v2\/posts\/24929\/revisions\/24931"}],"wp:featuredmedia":[{"embeddable":true,"href":"https:\/\/blogdorogeriogomes.com.br\/noticias\/wp-json\/wp\/v2\/media\/24930"}],"wp:attachment":[{"href":"https:\/\/blogdorogeriogomes.com.br\/noticias\/wp-json\/wp\/v2\/media?parent=24929"}],"wp:term":[{"taxonomy":"category","embeddable":true,"href":"https:\/\/blogdorogeriogomes.com.br\/noticias\/wp-json\/wp\/v2\/categories?post=24929"},{"taxonomy":"post_tag","embeddable":true,"href":"https:\/\/blogdorogeriogomes.com.br\/noticias\/wp-json\/wp\/v2\/tags?post=24929"}],"curies":[{"name":"wp","href":"https:\/\/api.w.org\/{rel}","templated":true}]}}