{"id":24941,"date":"2022-04-05T19:10:35","date_gmt":"2022-04-05T19:10:35","guid":{"rendered":"https:\/\/blogdorogeriogomes.com.br\/?p=24941"},"modified":"2022-04-06T12:12:36","modified_gmt":"2022-04-06T12:12:36","slug":"cpi-do-motim-na-assembleia-legislativa-tem-dia-agitado-com-depoimento-do-presidente-da-aps","status":"publish","type":"post","link":"https:\/\/blogdorogeriogomes.com.br\/noticias\/2022\/04\/cpi-do-motim-na-assembleia-legislativa-tem-dia-agitado-com-depoimento-do-presidente-da-aps\/","title":{"rendered":"CPI do Motim na Assembleia Legislativa tem dia agitado com depoimento do presidente da APS"},"content":{"rendered":"\n<p>O dia na CPI do Motim, na Assembleia Legislativa do Cear\u00e1, foi dos mais movimentados. Em depoimento nesta ter\u00e7a-feira, dia 5 de abril, \u00e0 Comiss\u00e3o Parlamentar de Inqu\u00e9rito que investiga a poss\u00edvel participa\u00e7\u00e3o de associa\u00e7\u00f5es militares do Estado na paralisa\u00e7\u00e3o da PM em 2020, o presidente da Associa\u00e7\u00e3o dos Profissionais de Seguran\u00e7a (APS), Cleyber Barbosa Ara\u00fajo, negou que a entidade tenha participado, financiado ou motivado o motim de parte da Pol\u00edcia Militar naquele ano. Durante o depoimento, os membros da CPI apontaram a movimenta\u00e7\u00e3o financeira da APS que chegou a sacar em esp\u00e9cie cerca de R$ 2 milh\u00f5es e 300 mil reais em um ano. O relator da CPI do Motim, deputado estadual Elmano Freitas (PT) refor\u00e7ou ainda que esse grupo tem a \u201cpr\u00e1tica de sacar dinheiro na boca do caixa, que os seus diretores abrem empresas que nunca funcionaram\u201d e que no depoimento da testemunha ficou evidenciado que a APS financiou o transporte de policiais para os protestos que geraram o motim no Cear\u00e1.<\/p>\n\n\n\n<p>Elmano de Freitas afirmou que&nbsp;a Associa\u00e7\u00e3o dos Profissionais de Seguran\u00e7a (APS) faz parte de &#8220;um bra\u00e7o pol\u00edtico de um grupo pol\u00edtico partid\u00e1rio&#8221;, da qual integram o deputado federal Capit\u00e3o Wagner (Uni\u00e3o Brasil), o deputado Soldado Noelio (Uni\u00e3o Brasil) e o vereador de Fortaleza, Sargento Reginauro, que \u00e9 o pr\u00f3ximo a prestar depoimento na CPI do Motim, nesta quarta-feira, dia 6, \u00e0s 14h30min.<\/p>\n\n\n\n<p>Em resposta \u00e0 declara\u00e7\u00e3o de Elmano de Freitas, o Capit\u00e3o Wagner disse que &#8220;n\u00e3o \u00e9 de se estranhar que parte dos Deputados da Casa estejam utilizando uma CPI para fins eleitorais, em raz\u00e3o do pleito que se aproxima. O eleitor n\u00e3o \u00e9 bobo e o cearense \u00e9 mais inteligente do que eles pensam e, tamb\u00e9m por isso, n\u00e3o caem mais nesse jogo antigo e retr\u00f3grado de quem quer desviar a aten\u00e7\u00e3o do que realmente importa, que s\u00e3o os problemas que n\u00f3s cearenses enfrentamos todos os dias&#8221;.<\/p>\n\n\n\n<p>Wagner ainda disse que &#8220;quando presidente da Associa\u00e7\u00e3o dos Profissionais de Seguran\u00e7a, de 2013 a 2014, modifiquei o estatuto da entidade para que nenhum deputado estadual e federal fa\u00e7a parte de sua diretoria, justamente para evitar que a Associa\u00e7\u00e3o fosse utilizada para fins pol\u00edticos&#8221;.<\/p>\n\n\n\n<p><br><\/p>\n\n\n\n<figure class=\"wp-block-image size-full\"><img loading=\"lazy\" decoding=\"async\" width=\"900\" height=\"600\" src=\"https:\/\/blogdorogeriogomes.com.br\/wp-content\/uploads\/2022\/04\/66fd77c146acdc69d7af9fddb0c4df44_XL.jpg\" alt=\"\" class=\"wp-image-24942\" srcset=\"https:\/\/blogdorogeriogomes.com.br\/noticias\/wp-content\/uploads\/2022\/04\/66fd77c146acdc69d7af9fddb0c4df44_XL.jpg 900w, https:\/\/blogdorogeriogomes.com.br\/noticias\/wp-content\/uploads\/2022\/04\/66fd77c146acdc69d7af9fddb0c4df44_XL-300x200.jpg 300w, https:\/\/blogdorogeriogomes.com.br\/noticias\/wp-content\/uploads\/2022\/04\/66fd77c146acdc69d7af9fddb0c4df44_XL-768x512.jpg 768w, https:\/\/blogdorogeriogomes.com.br\/noticias\/wp-content\/uploads\/2022\/04\/66fd77c146acdc69d7af9fddb0c4df44_XL-800x533.jpg 800w\" sizes=\"auto, (max-width: 900px) 100vw, 900px\" \/><\/figure>\n","protected":false},"excerpt":{"rendered":"<p>O dia na CPI do Motim, na Assembleia Legislativa do Cear\u00e1, foi dos mais movimentados. Em depoimento nesta ter\u00e7a-feira, dia 5 de abril, \u00e0 Comiss\u00e3o Parlamentar de Inqu\u00e9rito que investiga a poss\u00edvel participa\u00e7\u00e3o de associa\u00e7\u00f5es militares do Estado na paralisa\u00e7\u00e3o da PM em 2020, o presidente da Associa\u00e7\u00e3o dos Profissionais de Seguran\u00e7a (APS), Cleyber Barbosa Ara\u00fajo, negou que a entidade tenha participado, financiado ou motivado o motim de parte da Pol\u00edcia Militar naquele ano. Durante o depoimento, os membros&hellip;<\/p>\n","protected":false},"author":1,"featured_media":24942,"comment_status":"open","ping_status":"open","sticky":false,"template":"","format":"standard","meta":{"footnotes":""},"categories":[1],"tags":[],"class_list":["post-24941","post","type-post","status-publish","format-standard","has-post-thumbnail","hentry","category-noticias"],"_links":{"self":[{"href":"https:\/\/blogdorogeriogomes.com.br\/noticias\/wp-json\/wp\/v2\/posts\/24941","targetHints":{"allow":["GET"]}}],"collection":[{"href":"https:\/\/blogdorogeriogomes.com.br\/noticias\/wp-json\/wp\/v2\/posts"}],"about":[{"href":"https:\/\/blogdorogeriogomes.com.br\/noticias\/wp-json\/wp\/v2\/types\/post"}],"author":[{"embeddable":true,"href":"https:\/\/blogdorogeriogomes.com.br\/noticias\/wp-json\/wp\/v2\/users\/1"}],"replies":[{"embeddable":true,"href":"https:\/\/blogdorogeriogomes.com.br\/noticias\/wp-json\/wp\/v2\/comments?post=24941"}],"version-history":[{"count":3,"href":"https:\/\/blogdorogeriogomes.com.br\/noticias\/wp-json\/wp\/v2\/posts\/24941\/revisions"}],"predecessor-version":[{"id":24955,"href":"https:\/\/blogdorogeriogomes.com.br\/noticias\/wp-json\/wp\/v2\/posts\/24941\/revisions\/24955"}],"wp:featuredmedia":[{"embeddable":true,"href":"https:\/\/blogdorogeriogomes.com.br\/noticias\/wp-json\/wp\/v2\/media\/24942"}],"wp:attachment":[{"href":"https:\/\/blogdorogeriogomes.com.br\/noticias\/wp-json\/wp\/v2\/media?parent=24941"}],"wp:term":[{"taxonomy":"category","embeddable":true,"href":"https:\/\/blogdorogeriogomes.com.br\/noticias\/wp-json\/wp\/v2\/categories?post=24941"},{"taxonomy":"post_tag","embeddable":true,"href":"https:\/\/blogdorogeriogomes.com.br\/noticias\/wp-json\/wp\/v2\/tags?post=24941"}],"curies":[{"name":"wp","href":"https:\/\/api.w.org\/{rel}","templated":true}]}}