{"id":24945,"date":"2022-04-05T22:56:01","date_gmt":"2022-04-05T22:56:01","guid":{"rendered":"https:\/\/blogdorogeriogomes.com.br\/?p=24945"},"modified":"2022-04-06T12:12:26","modified_gmt":"2022-04-06T12:12:26","slug":"parceria-entre-prefeitura-de-fortaleza-e-fiec-vai-capacitar-seis-mil-pessoas-em-41-cursos-profissionais","status":"publish","type":"post","link":"https:\/\/blogdorogeriogomes.com.br\/noticias\/2022\/04\/parceria-entre-prefeitura-de-fortaleza-e-fiec-vai-capacitar-seis-mil-pessoas-em-41-cursos-profissionais\/","title":{"rendered":"Parceria entre Prefeitura de Fortaleza e Fiec vai capacitar seis mil pessoas em 41 cursos profissionais"},"content":{"rendered":"\n<p>Parceria da Prefeitura de Fortaleza com o Sistema Fiec promete ofertar mais de seis mil vagas para 41 cursos em diversas \u00e1reas de capacita\u00e7\u00e3o. O prefeito Jos\u00e9 Sarto visitou, nesta ter\u00e7a-feira, dia 5 de abril, as primeiras turmas dos cursos profissionalizantes do Programa Fortaleza + Futuro. A a\u00e7\u00e3o \u00e9 uma parceria da Prefeitura de Fortaleza com o Sistema da Federa\u00e7\u00e3o das Ind\u00fastrias do Estado do Cear\u00e1 (Fiec), por meio do Servi\u00e7o Nacional de Aprendizagem Industrial (Senai Cear\u00e1).<\/p>\n\n\n\n<p>Nessa primeira etapa, 270 pessoas ser\u00e3o qualificadas para o mercado de trabalho em cursos como: t\u00e9cnicas administrativas; excel b\u00e1sico; inform\u00e1tica b\u00e1sica; doces regionais; salgados para festas; corte e costura feminino em malha. A iniciativa, coordenada pela Secretaria Municipal do Desenvolvimento Econ\u00f4mico (SDE), objetiva fomentar a gera\u00e7\u00e3o de emprego e renda na cidade. As inscri\u00e7\u00f5es continuam abertas e podem ser realizadas pela plataforma Mais Futuro.<\/p>\n\n\n\n<p>Para o presidente da Fiec, Ricardo Cavalcante, os cursos n\u00e3o se destacam apenas na \u00e1rea da qualifica\u00e7\u00e3o do trabalho, mas tamb\u00e9m proporcionam melhorias gerais para a cidade de Fortaleza.<\/p>\n\n\n\n<figure class=\"wp-block-image size-large\"><img loading=\"lazy\" decoding=\"async\" width=\"1024\" height=\"602\" src=\"https:\/\/blogdorogeriogomes.com.br\/wp-content\/uploads\/2022\/04\/05-04-2022-Fortaleza-Mais-Futuro-4578-1024x602.jpg\" alt=\"\" class=\"wp-image-24946\" srcset=\"https:\/\/blogdorogeriogomes.com.br\/noticias\/wp-content\/uploads\/2022\/04\/05-04-2022-Fortaleza-Mais-Futuro-4578-1024x602.jpg 1024w, https:\/\/blogdorogeriogomes.com.br\/noticias\/wp-content\/uploads\/2022\/04\/05-04-2022-Fortaleza-Mais-Futuro-4578-300x176.jpg 300w, https:\/\/blogdorogeriogomes.com.br\/noticias\/wp-content\/uploads\/2022\/04\/05-04-2022-Fortaleza-Mais-Futuro-4578-768x451.jpg 768w, https:\/\/blogdorogeriogomes.com.br\/noticias\/wp-content\/uploads\/2022\/04\/05-04-2022-Fortaleza-Mais-Futuro-4578-1536x902.jpg 1536w, https:\/\/blogdorogeriogomes.com.br\/noticias\/wp-content\/uploads\/2022\/04\/05-04-2022-Fortaleza-Mais-Futuro-4578-800x470.jpg 800w, https:\/\/blogdorogeriogomes.com.br\/noticias\/wp-content\/uploads\/2022\/04\/05-04-2022-Fortaleza-Mais-Futuro-4578.jpg 1920w\" sizes=\"auto, (max-width: 1024px) 100vw, 1024px\" \/><\/figure>\n","protected":false},"excerpt":{"rendered":"<p>Parceria da Prefeitura de Fortaleza com o Sistema Fiec promete ofertar mais de seis mil vagas para 41 cursos em diversas \u00e1reas de capacita\u00e7\u00e3o. O prefeito Jos\u00e9 Sarto visitou, nesta ter\u00e7a-feira, dia 5 de abril, as primeiras turmas dos cursos profissionalizantes do Programa Fortaleza + Futuro. A a\u00e7\u00e3o \u00e9 uma parceria da Prefeitura de Fortaleza com o Sistema da Federa\u00e7\u00e3o das Ind\u00fastrias do Estado do Cear\u00e1 (Fiec), por meio do Servi\u00e7o Nacional de Aprendizagem Industrial (Senai Cear\u00e1). Nessa primeira&hellip;<\/p>\n","protected":false},"author":1,"featured_media":24946,"comment_status":"open","ping_status":"open","sticky":false,"template":"","format":"standard","meta":{"footnotes":""},"categories":[1],"tags":[],"class_list":["post-24945","post","type-post","status-publish","format-standard","has-post-thumbnail","hentry","category-noticias"],"_links":{"self":[{"href":"https:\/\/blogdorogeriogomes.com.br\/noticias\/wp-json\/wp\/v2\/posts\/24945","targetHints":{"allow":["GET"]}}],"collection":[{"href":"https:\/\/blogdorogeriogomes.com.br\/noticias\/wp-json\/wp\/v2\/posts"}],"about":[{"href":"https:\/\/blogdorogeriogomes.com.br\/noticias\/wp-json\/wp\/v2\/types\/post"}],"author":[{"embeddable":true,"href":"https:\/\/blogdorogeriogomes.com.br\/noticias\/wp-json\/wp\/v2\/users\/1"}],"replies":[{"embeddable":true,"href":"https:\/\/blogdorogeriogomes.com.br\/noticias\/wp-json\/wp\/v2\/comments?post=24945"}],"version-history":[{"count":1,"href":"https:\/\/blogdorogeriogomes.com.br\/noticias\/wp-json\/wp\/v2\/posts\/24945\/revisions"}],"predecessor-version":[{"id":24947,"href":"https:\/\/blogdorogeriogomes.com.br\/noticias\/wp-json\/wp\/v2\/posts\/24945\/revisions\/24947"}],"wp:featuredmedia":[{"embeddable":true,"href":"https:\/\/blogdorogeriogomes.com.br\/noticias\/wp-json\/wp\/v2\/media\/24946"}],"wp:attachment":[{"href":"https:\/\/blogdorogeriogomes.com.br\/noticias\/wp-json\/wp\/v2\/media?parent=24945"}],"wp:term":[{"taxonomy":"category","embeddable":true,"href":"https:\/\/blogdorogeriogomes.com.br\/noticias\/wp-json\/wp\/v2\/categories?post=24945"},{"taxonomy":"post_tag","embeddable":true,"href":"https:\/\/blogdorogeriogomes.com.br\/noticias\/wp-json\/wp\/v2\/tags?post=24945"}],"curies":[{"name":"wp","href":"https:\/\/api.w.org\/{rel}","templated":true}]}}