{"id":24952,"date":"2022-04-06T11:08:27","date_gmt":"2022-04-06T11:08:27","guid":{"rendered":"https:\/\/blogdorogeriogomes.com.br\/?p=24952"},"modified":"2022-04-06T12:11:57","modified_gmt":"2022-04-06T12:11:57","slug":"jair-bolsonaro-veta-lei-paulo-gustavo-que-repassaria-r-38-bilhoes-para-o-setor-cultural","status":"publish","type":"post","link":"https:\/\/blogdorogeriogomes.com.br\/noticias\/2022\/04\/jair-bolsonaro-veta-lei-paulo-gustavo-que-repassaria-r-38-bilhoes-para-o-setor-cultural\/","title":{"rendered":"Jair Bolsonaro veta Lei Paulo Gustavo, que repassaria R$ 3,8 bilh\u00f5es para o setor cultural"},"content":{"rendered":"\n<p>O presidente Jair Bolsonaro vetou um projeto de lei, batizado de &#8220;Lei Paulo Gustavo&#8221;, que previa o repasse de R$ 3,86 bilh\u00f5es em recursos federais a estados e munic\u00edpios para o enfrentamento dos efeitos da pandemia da Covid-19 sobre o setor cultural.<\/p>\n\n\n\n<p>A informa\u00e7\u00e3o foi divulgada pela Secretaria-Geral da Presid\u00eancia e o veto foi publicado na edi\u00e7\u00e3o desta quarta-feira, dia 6 de abril, do &#8220;Di\u00e1rio Oficial da Uni\u00e3o&#8221;. O Congresso Nacional ainda pode derrubar o veto.<\/p>\n\n\n\n<p>A proposta visava homenagear o ator ator e humorista Paulo Gustavo, que morreu em maio do ano passado, v\u00edtima da Covid-19. Ele era um dos artistas mais populares do pa\u00eds e faleceu aos 42 anos no Rio de Janeiro.<\/p>\n\n\n\n<figure class=\"wp-block-image size-full\"><img loading=\"lazy\" decoding=\"async\" width=\"739\" height=\"415\" src=\"https:\/\/blogdorogeriogomes.com.br\/wp-content\/uploads\/2022\/04\/images-2.jpeg\" alt=\"\" class=\"wp-image-24953\" srcset=\"https:\/\/blogdorogeriogomes.com.br\/noticias\/wp-content\/uploads\/2022\/04\/images-2.jpeg 739w, https:\/\/blogdorogeriogomes.com.br\/noticias\/wp-content\/uploads\/2022\/04\/images-2-300x168.jpeg 300w\" sizes=\"auto, (max-width: 739px) 100vw, 739px\" \/><\/figure>\n","protected":false},"excerpt":{"rendered":"<p>O presidente Jair Bolsonaro vetou um projeto de lei, batizado de &#8220;Lei Paulo Gustavo&#8221;, que previa o repasse de R$ 3,86 bilh\u00f5es em recursos federais a estados e munic\u00edpios para o enfrentamento dos efeitos da pandemia da Covid-19 sobre o setor cultural. A informa\u00e7\u00e3o foi divulgada pela Secretaria-Geral da Presid\u00eancia e o veto foi publicado na edi\u00e7\u00e3o desta quarta-feira, dia 6 de abril, do &#8220;Di\u00e1rio Oficial da Uni\u00e3o&#8221;. O Congresso Nacional ainda pode derrubar o veto. A proposta visava&hellip;<\/p>\n","protected":false},"author":1,"featured_media":24953,"comment_status":"open","ping_status":"open","sticky":false,"template":"","format":"standard","meta":{"footnotes":""},"categories":[1],"tags":[],"class_list":["post-24952","post","type-post","status-publish","format-standard","has-post-thumbnail","hentry","category-noticias"],"_links":{"self":[{"href":"https:\/\/blogdorogeriogomes.com.br\/noticias\/wp-json\/wp\/v2\/posts\/24952","targetHints":{"allow":["GET"]}}],"collection":[{"href":"https:\/\/blogdorogeriogomes.com.br\/noticias\/wp-json\/wp\/v2\/posts"}],"about":[{"href":"https:\/\/blogdorogeriogomes.com.br\/noticias\/wp-json\/wp\/v2\/types\/post"}],"author":[{"embeddable":true,"href":"https:\/\/blogdorogeriogomes.com.br\/noticias\/wp-json\/wp\/v2\/users\/1"}],"replies":[{"embeddable":true,"href":"https:\/\/blogdorogeriogomes.com.br\/noticias\/wp-json\/wp\/v2\/comments?post=24952"}],"version-history":[{"count":1,"href":"https:\/\/blogdorogeriogomes.com.br\/noticias\/wp-json\/wp\/v2\/posts\/24952\/revisions"}],"predecessor-version":[{"id":24954,"href":"https:\/\/blogdorogeriogomes.com.br\/noticias\/wp-json\/wp\/v2\/posts\/24952\/revisions\/24954"}],"wp:featuredmedia":[{"embeddable":true,"href":"https:\/\/blogdorogeriogomes.com.br\/noticias\/wp-json\/wp\/v2\/media\/24953"}],"wp:attachment":[{"href":"https:\/\/blogdorogeriogomes.com.br\/noticias\/wp-json\/wp\/v2\/media?parent=24952"}],"wp:term":[{"taxonomy":"category","embeddable":true,"href":"https:\/\/blogdorogeriogomes.com.br\/noticias\/wp-json\/wp\/v2\/categories?post=24952"},{"taxonomy":"post_tag","embeddable":true,"href":"https:\/\/blogdorogeriogomes.com.br\/noticias\/wp-json\/wp\/v2\/tags?post=24952"}],"curies":[{"name":"wp","href":"https:\/\/api.w.org\/{rel}","templated":true}]}}