{"id":24966,"date":"2022-04-07T10:38:21","date_gmt":"2022-04-07T10:38:21","guid":{"rendered":"https:\/\/blogdorogeriogomes.com.br\/?p=24966"},"modified":"2022-04-07T11:19:54","modified_gmt":"2022-04-07T11:19:54","slug":"chuvas-em-fortaleza-devem-continuar-nesta-quinta-feira-pancada-de-agua-na-quarta-alagou-ruas-e-avenidas","status":"publish","type":"post","link":"https:\/\/blogdorogeriogomes.com.br\/noticias\/2022\/04\/chuvas-em-fortaleza-devem-continuar-nesta-quinta-feira-pancada-de-agua-na-quarta-alagou-ruas-e-avenidas\/","title":{"rendered":"Chuvas em Fortaleza devem continuar nesta quinta-feira. Pancada de \u00e1gua na quarta alagou ruas e avenidas"},"content":{"rendered":"\n<p>A Funda\u00e7\u00e3o Cearense de Meteorologia (Funceme) prev\u00ea que as chuvas devem continuar nesta quinta-feira, dia 7 de abril, com a presen\u00e7a de c\u00e9u nublado. <\/p>\n\n\n\n<p>O Instituto Nacional de Meteorologia (Inmet) tamb\u00e9m emitiu aviso de perigo potencial para Fortaleza em raz\u00e3o das chuvas intensas, que podem chegar a at\u00e9 50 mil\u00edmetros.<\/p>\n\n\n\n<p>Na noite desta quarta-feira, dia 6, a chuva que cai na Capital registrou ruas e avenidas alagadas. Em \u00faltimas delas, ve\u00edculos ficaram quase submersos. Muita gente foi surpreendida no meio da rua com a intensidade da precipita\u00e7\u00e3o. No bairro Benfica (foto), ficou dif\u00edcil at\u00e9 sair das resid\u00eancias.<\/p>\n\n\n\n<figure class=\"wp-block-image size-full\"><img loading=\"lazy\" decoding=\"async\" width=\"818\" height=\"459\" src=\"https:\/\/blogdorogeriogomes.com.br\/wp-content\/uploads\/2022\/04\/1_chuva_forte-18490994.jpeg\" alt=\"\" class=\"wp-image-24967\" srcset=\"https:\/\/blogdorogeriogomes.com.br\/noticias\/wp-content\/uploads\/2022\/04\/1_chuva_forte-18490994.jpeg 818w, https:\/\/blogdorogeriogomes.com.br\/noticias\/wp-content\/uploads\/2022\/04\/1_chuva_forte-18490994-300x168.jpeg 300w, https:\/\/blogdorogeriogomes.com.br\/noticias\/wp-content\/uploads\/2022\/04\/1_chuva_forte-18490994-768x431.jpeg 768w, https:\/\/blogdorogeriogomes.com.br\/noticias\/wp-content\/uploads\/2022\/04\/1_chuva_forte-18490994-800x449.jpeg 800w\" sizes=\"auto, (max-width: 818px) 100vw, 818px\" \/><\/figure>\n","protected":false},"excerpt":{"rendered":"<p>A Funda\u00e7\u00e3o Cearense de Meteorologia (Funceme) prev\u00ea que as chuvas devem continuar nesta quinta-feira, dia 7 de abril, com a presen\u00e7a de c\u00e9u nublado. O Instituto Nacional de Meteorologia (Inmet) tamb\u00e9m emitiu aviso de perigo potencial para Fortaleza em raz\u00e3o das chuvas intensas, que podem chegar a at\u00e9 50 mil\u00edmetros. Na noite desta quarta-feira, dia 6, a chuva que cai na Capital registrou ruas e avenidas alagadas. Em \u00faltimas delas, ve\u00edculos ficaram quase submersos. Muita gente foi surpreendida no&hellip;<\/p>\n","protected":false},"author":1,"featured_media":24967,"comment_status":"open","ping_status":"open","sticky":false,"template":"","format":"standard","meta":{"footnotes":""},"categories":[1],"tags":[],"class_list":["post-24966","post","type-post","status-publish","format-standard","has-post-thumbnail","hentry","category-noticias"],"_links":{"self":[{"href":"https:\/\/blogdorogeriogomes.com.br\/noticias\/wp-json\/wp\/v2\/posts\/24966","targetHints":{"allow":["GET"]}}],"collection":[{"href":"https:\/\/blogdorogeriogomes.com.br\/noticias\/wp-json\/wp\/v2\/posts"}],"about":[{"href":"https:\/\/blogdorogeriogomes.com.br\/noticias\/wp-json\/wp\/v2\/types\/post"}],"author":[{"embeddable":true,"href":"https:\/\/blogdorogeriogomes.com.br\/noticias\/wp-json\/wp\/v2\/users\/1"}],"replies":[{"embeddable":true,"href":"https:\/\/blogdorogeriogomes.com.br\/noticias\/wp-json\/wp\/v2\/comments?post=24966"}],"version-history":[{"count":1,"href":"https:\/\/blogdorogeriogomes.com.br\/noticias\/wp-json\/wp\/v2\/posts\/24966\/revisions"}],"predecessor-version":[{"id":24968,"href":"https:\/\/blogdorogeriogomes.com.br\/noticias\/wp-json\/wp\/v2\/posts\/24966\/revisions\/24968"}],"wp:featuredmedia":[{"embeddable":true,"href":"https:\/\/blogdorogeriogomes.com.br\/noticias\/wp-json\/wp\/v2\/media\/24967"}],"wp:attachment":[{"href":"https:\/\/blogdorogeriogomes.com.br\/noticias\/wp-json\/wp\/v2\/media?parent=24966"}],"wp:term":[{"taxonomy":"category","embeddable":true,"href":"https:\/\/blogdorogeriogomes.com.br\/noticias\/wp-json\/wp\/v2\/categories?post=24966"},{"taxonomy":"post_tag","embeddable":true,"href":"https:\/\/blogdorogeriogomes.com.br\/noticias\/wp-json\/wp\/v2\/tags?post=24966"}],"curies":[{"name":"wp","href":"https:\/\/api.w.org\/{rel}","templated":true}]}}