{"id":24975,"date":"2022-04-07T19:13:06","date_gmt":"2022-04-07T19:13:06","guid":{"rendered":"https:\/\/blogdorogeriogomes.com.br\/?p=24975"},"modified":"2022-04-08T12:13:26","modified_gmt":"2022-04-08T12:13:26","slug":"familia-lessa-lanca-projetos-culturais-atraves-da-lei-aldir-blanc","status":"publish","type":"post","link":"https:\/\/blogdorogeriogomes.com.br\/noticias\/2022\/04\/familia-lessa-lanca-projetos-culturais-atraves-da-lei-aldir-blanc\/","title":{"rendered":"Fam\u00edlia Lessa lan\u00e7a projetos culturais atrav\u00e9s da Lei Aldir Blanc"},"content":{"rendered":"\n<p>O cantor Marcos Lessa, o m\u00fasico e produtor cultural Rafael Lessa e a escritora V\u00e2nia Chaves lan\u00e7aram em mar\u00e7o tr\u00eas projetos art\u00edsticos contemplados com recursos da Lei Aldir Blanc, atrav\u00e9s da Secretaria da Cultura de Fortaleza (SecultFor).<\/p>\n\n\n\n<p>A iniciativa partiu do \u201cfilho do meio\u201d, Rafael, que assume em casa o papel de produtor de seu irm\u00e3o mais velho e da matriarca da fam\u00edlia.<\/p>\n\n\n\n<p>Os projetos incluem: Um show virtual do cantor Marcos Lessa, \u201cAquiri\u201d, com um repert\u00f3rio de m\u00fasicas autorais que tra\u00e7am um paralelo entre o Cear\u00e1 e o Acre; um webdoc \u201cFamiliar II\u201d, segunda edi\u00e7\u00e3o de um curta-metragem musical produzido por Rafael Lessa, que compartilha um pouco da hist\u00f3ria da fam\u00edlia, atrav\u00e9s da m\u00fasica; e um audiolivro, \u201cDeu atchim no jardim\u201d, da escritora V\u00e2nia Chaves, voltado ao p\u00fablico infantil.<\/p>\n\n\n\n<p>\u201cPara mim \u00e9 uma honra poder trabalhar como produtor cultural dentro de casa. Todo o processo de organizar o material de cada um, de escrever os projetos, de vibrar pela aprova\u00e7\u00e3o e depois fazer acontecer, \u00e9 algo que nos fortalece e nos une ainda mais. \u00c9 sempre uma alegria poder ter esse ponto de encontro entre n\u00f3s todos, atrav\u00e9s da arte&#8221;, destacou Rafael Lessa.<\/p>\n\n\n\n<figure class=\"wp-block-image size-full\"><img loading=\"lazy\" decoding=\"async\" width=\"996\" height=\"562\" src=\"https:\/\/blogdorogeriogomes.com.br\/wp-content\/uploads\/2022\/04\/IMG-20220407-WA0116.jpg\" alt=\"\" class=\"wp-image-24976\" srcset=\"https:\/\/blogdorogeriogomes.com.br\/noticias\/wp-content\/uploads\/2022\/04\/IMG-20220407-WA0116.jpg 996w, https:\/\/blogdorogeriogomes.com.br\/noticias\/wp-content\/uploads\/2022\/04\/IMG-20220407-WA0116-300x169.jpg 300w, https:\/\/blogdorogeriogomes.com.br\/noticias\/wp-content\/uploads\/2022\/04\/IMG-20220407-WA0116-768x433.jpg 768w, https:\/\/blogdorogeriogomes.com.br\/noticias\/wp-content\/uploads\/2022\/04\/IMG-20220407-WA0116-800x451.jpg 800w\" sizes=\"auto, (max-width: 996px) 100vw, 996px\" \/><\/figure>\n","protected":false},"excerpt":{"rendered":"<p>O cantor Marcos Lessa, o m\u00fasico e produtor cultural Rafael Lessa e a escritora V\u00e2nia Chaves lan\u00e7aram em mar\u00e7o tr\u00eas projetos art\u00edsticos contemplados com recursos da Lei Aldir Blanc, atrav\u00e9s da Secretaria da Cultura de Fortaleza (SecultFor). A iniciativa partiu do \u201cfilho do meio\u201d, Rafael, que assume em casa o papel de produtor de seu irm\u00e3o mais velho e da matriarca da fam\u00edlia. Os projetos incluem: Um show virtual do cantor Marcos Lessa, \u201cAquiri\u201d, com um repert\u00f3rio de m\u00fasicas&hellip;<\/p>\n","protected":false},"author":1,"featured_media":24976,"comment_status":"open","ping_status":"open","sticky":false,"template":"","format":"standard","meta":{"footnotes":""},"categories":[1],"tags":[],"class_list":["post-24975","post","type-post","status-publish","format-standard","has-post-thumbnail","hentry","category-noticias"],"_links":{"self":[{"href":"https:\/\/blogdorogeriogomes.com.br\/noticias\/wp-json\/wp\/v2\/posts\/24975","targetHints":{"allow":["GET"]}}],"collection":[{"href":"https:\/\/blogdorogeriogomes.com.br\/noticias\/wp-json\/wp\/v2\/posts"}],"about":[{"href":"https:\/\/blogdorogeriogomes.com.br\/noticias\/wp-json\/wp\/v2\/types\/post"}],"author":[{"embeddable":true,"href":"https:\/\/blogdorogeriogomes.com.br\/noticias\/wp-json\/wp\/v2\/users\/1"}],"replies":[{"embeddable":true,"href":"https:\/\/blogdorogeriogomes.com.br\/noticias\/wp-json\/wp\/v2\/comments?post=24975"}],"version-history":[{"count":1,"href":"https:\/\/blogdorogeriogomes.com.br\/noticias\/wp-json\/wp\/v2\/posts\/24975\/revisions"}],"predecessor-version":[{"id":24977,"href":"https:\/\/blogdorogeriogomes.com.br\/noticias\/wp-json\/wp\/v2\/posts\/24975\/revisions\/24977"}],"wp:featuredmedia":[{"embeddable":true,"href":"https:\/\/blogdorogeriogomes.com.br\/noticias\/wp-json\/wp\/v2\/media\/24976"}],"wp:attachment":[{"href":"https:\/\/blogdorogeriogomes.com.br\/noticias\/wp-json\/wp\/v2\/media?parent=24975"}],"wp:term":[{"taxonomy":"category","embeddable":true,"href":"https:\/\/blogdorogeriogomes.com.br\/noticias\/wp-json\/wp\/v2\/categories?post=24975"},{"taxonomy":"post_tag","embeddable":true,"href":"https:\/\/blogdorogeriogomes.com.br\/noticias\/wp-json\/wp\/v2\/tags?post=24975"}],"curies":[{"name":"wp","href":"https:\/\/api.w.org\/{rel}","templated":true}]}}