{"id":24978,"date":"2022-04-07T20:34:26","date_gmt":"2022-04-07T20:34:26","guid":{"rendered":"https:\/\/blogdorogeriogomes.com.br\/?p=24978"},"modified":"2022-04-08T12:13:15","modified_gmt":"2022-04-08T12:13:15","slug":"fagner-e-a-principal-atracao-do-show-de-aniversario-de-fortaleza-no-dia-13-na-praia-de-iracema","status":"publish","type":"post","link":"https:\/\/blogdorogeriogomes.com.br\/noticias\/2022\/04\/fagner-e-a-principal-atracao-do-show-de-aniversario-de-fortaleza-no-dia-13-na-praia-de-iracema\/","title":{"rendered":"Fagner \u00e9 a principal atra\u00e7\u00e3o do show de anivers\u00e1rio de Fortaleza no dia 13 na Praia de Iracema"},"content":{"rendered":"\n<p>A cidade de Fortaleza comemora 296 anos, no pr\u00f3ximo dia 13 de abril, e a popula\u00e7\u00e3o poder\u00e1 celebrar com um show presencial com v\u00e1rios artistas no Aterrinho da Praia de Iracema. O evento, promovido pela Prefeitura da Capital, ter\u00e1 como atra\u00e7\u00e3o principal o cantor, compositor e instrumentista Raimundo Fagner, trazendo no repert\u00f3rio os grandes sucessos da sua carreira.<\/p>\n\n\n\n<p>Para a homenagear Fortaleza, tamb\u00e9m foram confirmados para os shows de abertura B\u00e1rbara Sena, Maria Antonia, Camila Marieta, Navire, Nayra Costa e Nicholas (baterista da banda Selvagens \u00e0 Procura de Lei).<\/p>\n\n\n\n<p>O evento ter\u00e1 entrada gratuita, mediante apresenta\u00e7\u00e3o do comprovante vacinal. Outros eventos tamb\u00e9m ser\u00e3o realizados durante a semana em alus\u00e3o \u00e0s comemora\u00e7\u00f5es de mais um ano da cidade.<\/p>\n\n\n\n<figure class=\"wp-block-image size-large\"><img loading=\"lazy\" decoding=\"async\" width=\"1024\" height=\"602\" src=\"https:\/\/blogdorogeriogomes.com.br\/wp-content\/uploads\/2022\/04\/05-04-2022-FAgner-2-1024x602.jpg\" alt=\"\" class=\"wp-image-24979\" srcset=\"https:\/\/blogdorogeriogomes.com.br\/noticias\/wp-content\/uploads\/2022\/04\/05-04-2022-FAgner-2-1024x602.jpg 1024w, https:\/\/blogdorogeriogomes.com.br\/noticias\/wp-content\/uploads\/2022\/04\/05-04-2022-FAgner-2-300x176.jpg 300w, https:\/\/blogdorogeriogomes.com.br\/noticias\/wp-content\/uploads\/2022\/04\/05-04-2022-FAgner-2-768x451.jpg 768w, https:\/\/blogdorogeriogomes.com.br\/noticias\/wp-content\/uploads\/2022\/04\/05-04-2022-FAgner-2-1536x902.jpg 1536w, https:\/\/blogdorogeriogomes.com.br\/noticias\/wp-content\/uploads\/2022\/04\/05-04-2022-FAgner-2-800x470.jpg 800w, https:\/\/blogdorogeriogomes.com.br\/noticias\/wp-content\/uploads\/2022\/04\/05-04-2022-FAgner-2.jpg 1920w\" sizes=\"auto, (max-width: 1024px) 100vw, 1024px\" \/><\/figure>\n","protected":false},"excerpt":{"rendered":"<p>A cidade de Fortaleza comemora 296 anos, no pr\u00f3ximo dia 13 de abril, e a popula\u00e7\u00e3o poder\u00e1 celebrar com um show presencial com v\u00e1rios artistas no Aterrinho da Praia de Iracema. O evento, promovido pela Prefeitura da Capital, ter\u00e1 como atra\u00e7\u00e3o principal o cantor, compositor e instrumentista Raimundo Fagner, trazendo no repert\u00f3rio os grandes sucessos da sua carreira. Para a homenagear Fortaleza, tamb\u00e9m foram confirmados para os shows de abertura B\u00e1rbara Sena, Maria Antonia, Camila Marieta, Navire, Nayra Costa&hellip;<\/p>\n","protected":false},"author":1,"featured_media":24979,"comment_status":"open","ping_status":"open","sticky":false,"template":"","format":"standard","meta":{"footnotes":""},"categories":[1],"tags":[],"class_list":["post-24978","post","type-post","status-publish","format-standard","has-post-thumbnail","hentry","category-noticias"],"_links":{"self":[{"href":"https:\/\/blogdorogeriogomes.com.br\/noticias\/wp-json\/wp\/v2\/posts\/24978","targetHints":{"allow":["GET"]}}],"collection":[{"href":"https:\/\/blogdorogeriogomes.com.br\/noticias\/wp-json\/wp\/v2\/posts"}],"about":[{"href":"https:\/\/blogdorogeriogomes.com.br\/noticias\/wp-json\/wp\/v2\/types\/post"}],"author":[{"embeddable":true,"href":"https:\/\/blogdorogeriogomes.com.br\/noticias\/wp-json\/wp\/v2\/users\/1"}],"replies":[{"embeddable":true,"href":"https:\/\/blogdorogeriogomes.com.br\/noticias\/wp-json\/wp\/v2\/comments?post=24978"}],"version-history":[{"count":1,"href":"https:\/\/blogdorogeriogomes.com.br\/noticias\/wp-json\/wp\/v2\/posts\/24978\/revisions"}],"predecessor-version":[{"id":24980,"href":"https:\/\/blogdorogeriogomes.com.br\/noticias\/wp-json\/wp\/v2\/posts\/24978\/revisions\/24980"}],"wp:featuredmedia":[{"embeddable":true,"href":"https:\/\/blogdorogeriogomes.com.br\/noticias\/wp-json\/wp\/v2\/media\/24979"}],"wp:attachment":[{"href":"https:\/\/blogdorogeriogomes.com.br\/noticias\/wp-json\/wp\/v2\/media?parent=24978"}],"wp:term":[{"taxonomy":"category","embeddable":true,"href":"https:\/\/blogdorogeriogomes.com.br\/noticias\/wp-json\/wp\/v2\/categories?post=24978"},{"taxonomy":"post_tag","embeddable":true,"href":"https:\/\/blogdorogeriogomes.com.br\/noticias\/wp-json\/wp\/v2\/tags?post=24978"}],"curies":[{"name":"wp","href":"https:\/\/api.w.org\/{rel}","templated":true}]}}