{"id":24987,"date":"2022-04-08T10:14:17","date_gmt":"2022-04-08T10:14:17","guid":{"rendered":"https:\/\/blogdorogeriogomes.com.br\/?p=24987"},"modified":"2022-04-08T12:11:31","modified_gmt":"2022-04-08T12:11:31","slug":"alckmin-e-psb-confirmam-nesta-sexta-feira-que-estarao-na-chapa-de-lula-para-a-presidencia-da-republica","status":"publish","type":"post","link":"https:\/\/blogdorogeriogomes.com.br\/noticias\/2022\/04\/alckmin-e-psb-confirmam-nesta-sexta-feira-que-estarao-na-chapa-de-lula-para-a-presidencia-da-republica\/","title":{"rendered":"Alckmin e PSB confirmam nesta sexta-feira que estar\u00e3o na chapa de Lula para a Presid\u00eancia da Rep\u00fablica"},"content":{"rendered":"\n<p>Nesta sexta-feira, dia 8 de abril, o PSB oficializa o ex-governador de S\u00e3o Paulo&nbsp;Geraldo Alckmin como vice-presidente na chapa de&nbsp;Lula&nbsp;(PT) nas elei\u00e7\u00f5es presidenciais de 2022. Participam do encontro, em S\u00e3o Paulo, o presidente do PSB, Carlos Siqueira, e da presidente do&nbsp;PT, Gleisi Hoffmann.<\/p>\n\n\n\n<p>Depois da confirma\u00e7\u00e3o do PSB, o nome de Geraldo Alckmin ser\u00e1 levado para uma reuni\u00e3o do Diret\u00f3rio Nacional do PT. Segundo o pr\u00f3prio Lula, a ideia \u00e9 que ainda em abril a chapa esteja formalizada. O petista vai iniciar uma s\u00e9rie de viagens pelo Pa\u00eds.<\/p>\n\n\n\n<p>A pr\u00e9-candidatura Lula\/Alckimin ser\u00e1 lan\u00e7ada oficialmente em 30 de abril, no Anhembi, em S\u00e3o Paulo. Na ocasi\u00e3o, ser\u00e1 apresentada a frente de partidos que apoiar\u00e1 o petista, composta pela federa\u00e7\u00e3o formada por PT, PCdoB e PV, pela federa\u00e7\u00e3o que re\u00fane PSOL e Rede, em coliga\u00e7\u00e3o com PSB e o Solidariedade.&nbsp;<\/p>\n\n\n\n<figure class=\"wp-block-image size-full\"><img loading=\"lazy\" decoding=\"async\" width=\"715\" height=\"429\" src=\"https:\/\/blogdorogeriogomes.com.br\/wp-content\/uploads\/2022\/04\/images-7-1.jpeg\" alt=\"\" class=\"wp-image-24988\" srcset=\"https:\/\/blogdorogeriogomes.com.br\/noticias\/wp-content\/uploads\/2022\/04\/images-7-1.jpeg 715w, https:\/\/blogdorogeriogomes.com.br\/noticias\/wp-content\/uploads\/2022\/04\/images-7-1-300x180.jpeg 300w\" sizes=\"auto, (max-width: 715px) 100vw, 715px\" \/><\/figure>\n","protected":false},"excerpt":{"rendered":"<p>Nesta sexta-feira, dia 8 de abril, o PSB oficializa o ex-governador de S\u00e3o Paulo&nbsp;Geraldo Alckmin como vice-presidente na chapa de&nbsp;Lula&nbsp;(PT) nas elei\u00e7\u00f5es presidenciais de 2022. Participam do encontro, em S\u00e3o Paulo, o presidente do PSB, Carlos Siqueira, e da presidente do&nbsp;PT, Gleisi Hoffmann. Depois da confirma\u00e7\u00e3o do PSB, o nome de Geraldo Alckmin ser\u00e1 levado para uma reuni\u00e3o do Diret\u00f3rio Nacional do PT. Segundo o pr\u00f3prio Lula, a ideia \u00e9 que ainda em abril a chapa esteja formalizada. O&hellip;<\/p>\n","protected":false},"author":1,"featured_media":24988,"comment_status":"open","ping_status":"open","sticky":false,"template":"","format":"standard","meta":{"footnotes":""},"categories":[1],"tags":[],"class_list":["post-24987","post","type-post","status-publish","format-standard","has-post-thumbnail","hentry","category-noticias"],"_links":{"self":[{"href":"https:\/\/blogdorogeriogomes.com.br\/noticias\/wp-json\/wp\/v2\/posts\/24987","targetHints":{"allow":["GET"]}}],"collection":[{"href":"https:\/\/blogdorogeriogomes.com.br\/noticias\/wp-json\/wp\/v2\/posts"}],"about":[{"href":"https:\/\/blogdorogeriogomes.com.br\/noticias\/wp-json\/wp\/v2\/types\/post"}],"author":[{"embeddable":true,"href":"https:\/\/blogdorogeriogomes.com.br\/noticias\/wp-json\/wp\/v2\/users\/1"}],"replies":[{"embeddable":true,"href":"https:\/\/blogdorogeriogomes.com.br\/noticias\/wp-json\/wp\/v2\/comments?post=24987"}],"version-history":[{"count":2,"href":"https:\/\/blogdorogeriogomes.com.br\/noticias\/wp-json\/wp\/v2\/posts\/24987\/revisions"}],"predecessor-version":[{"id":24993,"href":"https:\/\/blogdorogeriogomes.com.br\/noticias\/wp-json\/wp\/v2\/posts\/24987\/revisions\/24993"}],"wp:featuredmedia":[{"embeddable":true,"href":"https:\/\/blogdorogeriogomes.com.br\/noticias\/wp-json\/wp\/v2\/media\/24988"}],"wp:attachment":[{"href":"https:\/\/blogdorogeriogomes.com.br\/noticias\/wp-json\/wp\/v2\/media?parent=24987"}],"wp:term":[{"taxonomy":"category","embeddable":true,"href":"https:\/\/blogdorogeriogomes.com.br\/noticias\/wp-json\/wp\/v2\/categories?post=24987"},{"taxonomy":"post_tag","embeddable":true,"href":"https:\/\/blogdorogeriogomes.com.br\/noticias\/wp-json\/wp\/v2\/tags?post=24987"}],"curies":[{"name":"wp","href":"https:\/\/api.w.org\/{rel}","templated":true}]}}