{"id":24997,"date":"2022-04-08T23:03:42","date_gmt":"2022-04-08T23:03:42","guid":{"rendered":"https:\/\/blogdorogeriogomes.com.br\/?p=24997"},"modified":"2022-04-11T09:44:57","modified_gmt":"2022-04-11T09:44:57","slug":"flexibilizacao-das-mascaras-em-ambientes-abertos-deve-ser-avaliada-na-proxima-semana-diz-izolda-cela","status":"publish","type":"post","link":"https:\/\/blogdorogeriogomes.com.br\/noticias\/2022\/04\/flexibilizacao-das-mascaras-em-ambientes-abertos-deve-ser-avaliada-na-proxima-semana-diz-izolda-cela\/","title":{"rendered":"Flexibiliza\u00e7\u00e3o das m\u00e1scaras em ambientes fechados deve ser avaliada na pr\u00f3xima semana, diz Izolda Cela"},"content":{"rendered":"\n<p>Em reuni\u00e3o do Comit\u00ea Estadual de Enfrentamento \u00e0 Covid-19, nesta sexta-feira, dia 8 de abril, a governadora do Cear\u00e1, Izolda Cela, confirmou que na pr\u00f3xima semana ser\u00e1 avaliada a possibilidade de flexibiliza\u00e7\u00e3o do uso de m\u00e1scaras faciais em ambientes fechados. Por enquanto, o Decreto Estadual j\u00e1 dispensa o uso do acess\u00f3rio somente em ambientes abertos.<\/p>\n\n\n\n<p>&#8220;Os n\u00fameros seguem em queda em todo o Estado e estamos acompanhando os \u00edndices de vacina\u00e7\u00e3o. Precisamos avan\u00e7ar na aplica\u00e7\u00e3o da dose de refor\u00e7o dos cearenses, que ainda n\u00e3o atingiu 60%. Nosso comit\u00ea analisar\u00e1 ao longo da semana o comportamento dos n\u00fameros, tanto da pandemia como da sequ\u00eancia de imuniza\u00e7\u00e3o, para avaliar poss\u00edvel nova flexibiliza\u00e7\u00e3o do uso de m\u00e1scaras&#8221;, afirmou Izolda Cela.<\/p>\n\n\n\n<figure class=\"wp-block-image size-large\"><img loading=\"lazy\" decoding=\"async\" width=\"1024\" height=\"690\" src=\"https:\/\/blogdorogeriogomes.com.br\/wp-content\/uploads\/2022\/04\/IMG-20220408-WA0202-1024x690.jpg\" alt=\"\" class=\"wp-image-24998\" srcset=\"https:\/\/blogdorogeriogomes.com.br\/noticias\/wp-content\/uploads\/2022\/04\/IMG-20220408-WA0202-1024x690.jpg 1024w, https:\/\/blogdorogeriogomes.com.br\/noticias\/wp-content\/uploads\/2022\/04\/IMG-20220408-WA0202-300x202.jpg 300w, https:\/\/blogdorogeriogomes.com.br\/noticias\/wp-content\/uploads\/2022\/04\/IMG-20220408-WA0202-768x518.jpg 768w, https:\/\/blogdorogeriogomes.com.br\/noticias\/wp-content\/uploads\/2022\/04\/IMG-20220408-WA0202-800x539.jpg 800w, https:\/\/blogdorogeriogomes.com.br\/noticias\/wp-content\/uploads\/2022\/04\/IMG-20220408-WA0202.jpg 1080w\" sizes=\"auto, (max-width: 1024px) 100vw, 1024px\" \/><\/figure>\n","protected":false},"excerpt":{"rendered":"<p>Em reuni\u00e3o do Comit\u00ea Estadual de Enfrentamento \u00e0 Covid-19, nesta sexta-feira, dia 8 de abril, a governadora do Cear\u00e1, Izolda Cela, confirmou que na pr\u00f3xima semana ser\u00e1 avaliada a possibilidade de flexibiliza\u00e7\u00e3o do uso de m\u00e1scaras faciais em ambientes fechados. Por enquanto, o Decreto Estadual j\u00e1 dispensa o uso do acess\u00f3rio somente em ambientes abertos. &#8220;Os n\u00fameros seguem em queda em todo o Estado e estamos acompanhando os \u00edndices de vacina\u00e7\u00e3o. Precisamos avan\u00e7ar na aplica\u00e7\u00e3o da dose de refor\u00e7o&hellip;<\/p>\n","protected":false},"author":1,"featured_media":24998,"comment_status":"open","ping_status":"open","sticky":false,"template":"","format":"standard","meta":{"footnotes":""},"categories":[1],"tags":[],"class_list":["post-24997","post","type-post","status-publish","format-standard","has-post-thumbnail","hentry","category-noticias"],"_links":{"self":[{"href":"https:\/\/blogdorogeriogomes.com.br\/noticias\/wp-json\/wp\/v2\/posts\/24997","targetHints":{"allow":["GET"]}}],"collection":[{"href":"https:\/\/blogdorogeriogomes.com.br\/noticias\/wp-json\/wp\/v2\/posts"}],"about":[{"href":"https:\/\/blogdorogeriogomes.com.br\/noticias\/wp-json\/wp\/v2\/types\/post"}],"author":[{"embeddable":true,"href":"https:\/\/blogdorogeriogomes.com.br\/noticias\/wp-json\/wp\/v2\/users\/1"}],"replies":[{"embeddable":true,"href":"https:\/\/blogdorogeriogomes.com.br\/noticias\/wp-json\/wp\/v2\/comments?post=24997"}],"version-history":[{"count":2,"href":"https:\/\/blogdorogeriogomes.com.br\/noticias\/wp-json\/wp\/v2\/posts\/24997\/revisions"}],"predecessor-version":[{"id":25000,"href":"https:\/\/blogdorogeriogomes.com.br\/noticias\/wp-json\/wp\/v2\/posts\/24997\/revisions\/25000"}],"wp:featuredmedia":[{"embeddable":true,"href":"https:\/\/blogdorogeriogomes.com.br\/noticias\/wp-json\/wp\/v2\/media\/24998"}],"wp:attachment":[{"href":"https:\/\/blogdorogeriogomes.com.br\/noticias\/wp-json\/wp\/v2\/media?parent=24997"}],"wp:term":[{"taxonomy":"category","embeddable":true,"href":"https:\/\/blogdorogeriogomes.com.br\/noticias\/wp-json\/wp\/v2\/categories?post=24997"},{"taxonomy":"post_tag","embeddable":true,"href":"https:\/\/blogdorogeriogomes.com.br\/noticias\/wp-json\/wp\/v2\/tags?post=24997"}],"curies":[{"name":"wp","href":"https:\/\/api.w.org\/{rel}","templated":true}]}}