{"id":25001,"date":"2022-04-11T18:48:15","date_gmt":"2022-04-11T18:48:15","guid":{"rendered":"https:\/\/blogdorogeriogomes.com.br\/?p=25001"},"modified":"2022-04-11T21:53:26","modified_gmt":"2022-04-11T21:53:26","slug":"al-lanca-campanha-a-leitura-liberta-para-arrecadacao-e-doacao-de-livros","status":"publish","type":"post","link":"https:\/\/blogdorogeriogomes.com.br\/noticias\/2022\/04\/al-lanca-campanha-a-leitura-liberta-para-arrecadacao-e-doacao-de-livros\/","title":{"rendered":"AL lan\u00e7a campanha &#8220;A leitura liberta&#8221; para arrecada\u00e7\u00e3o e doa\u00e7\u00e3o de livros"},"content":{"rendered":"\n<p>A Assembleia Legislativa do Cear\u00e1, por meio do Comit\u00ea de Responsabilidade Social e do Centro de Media\u00e7\u00e3o e Gest\u00e3o de Conflitos, lan\u00e7a a campanha &#8220;A leitura liberta&#8221;, que tem como objetivo arrecadar livros que ser\u00e3o doados para o sistema prisional cearense.<br>A arrecada\u00e7\u00e3o de livros ser\u00e1 realizada at\u00e9 o dia 22 de abril, nas recep\u00e7\u00f5es dos pr\u00e9dios da Alece, na Associa\u00e7\u00e3o dos Servidores da Assembleia Legislativa do Cear\u00e1 (Assalce), na Casa do Cidad\u00e3o, na sala do Comit\u00ea de Responsabilidade Social, ambas localizadas no Anexo III da Casa, nas bibliotecas das unidades do Farias Brito e espa\u00e7os de parceiros.<\/p>\n\n\n\n<p>A iniciativa parte da compreens\u00e3o de que o acesso \u00e0 cultura e \u00e0 informa\u00e7\u00e3o \u00e9 essencial no processo de ressocializa\u00e7\u00e3o, no desenvolvimento pessoal e na amplia\u00e7\u00e3o da vis\u00e3o de mundo das pessoas, fatores que contribuem para toda a sociedade.<\/p>\n\n\n\n<p>O presidente da Alece, deputado Evandro Leit\u00e3o, ressaltou a iniciativa da campanha, convidando todos a contribu\u00edrem com livros nos pontos de arrecada\u00e7\u00e3o. \u201cBuscamos, com esta campanha, contribuir para dar condi\u00e7\u00f5es dessas pessoas se redimirem e serem reinseridas na sociedade. Resgatar pessoas da criminalidade \u00e9 uma tarefa dif\u00edcil e muito importante\u201d, comentou.<\/p>\n\n\n\n<p>A l\u00edder do Comit\u00ea de Responsabilidade Social, Cristiane Leit\u00e3o, explica que a campanha surgiu a partir da visita a uma das unidades do sistema prisional para conhecer o trabalho realizado pelo Servi\u00e7o Nacional de Aprendizagem Industrial (Senai), importante parceiro da Assembleia Legislativa na efetiva\u00e7\u00e3o das a\u00e7\u00f5es de responsabilidade social.<\/p>\n\n\n\n<p>Cristiane Leit\u00e3o destaca a import\u00e2ncia da participa\u00e7\u00e3o na campanha com a doa\u00e7\u00e3o de livros que, ao chegarem aos internos do sistema prisional, poder\u00e3o se transformar em pontes para o conhecimento, a criatividade e para uma vida mais digna.<\/p>\n\n\n\n<figure class=\"wp-block-image size-large\"><img loading=\"lazy\" decoding=\"async\" width=\"1024\" height=\"768\" src=\"https:\/\/blogdorogeriogomes.com.br\/wp-content\/uploads\/2022\/04\/IMG-20220411-WA0098-1024x768.jpg\" alt=\"\" class=\"wp-image-25002\" srcset=\"https:\/\/blogdorogeriogomes.com.br\/noticias\/wp-content\/uploads\/2022\/04\/IMG-20220411-WA0098-1024x768.jpg 1024w, https:\/\/blogdorogeriogomes.com.br\/noticias\/wp-content\/uploads\/2022\/04\/IMG-20220411-WA0098-300x225.jpg 300w, https:\/\/blogdorogeriogomes.com.br\/noticias\/wp-content\/uploads\/2022\/04\/IMG-20220411-WA0098-768x576.jpg 768w, https:\/\/blogdorogeriogomes.com.br\/noticias\/wp-content\/uploads\/2022\/04\/IMG-20220411-WA0098-1536x1152.jpg 1536w, https:\/\/blogdorogeriogomes.com.br\/noticias\/wp-content\/uploads\/2022\/04\/IMG-20220411-WA0098-800x600.jpg 800w, https:\/\/blogdorogeriogomes.com.br\/noticias\/wp-content\/uploads\/2022\/04\/IMG-20220411-WA0098-400x300.jpg 400w, https:\/\/blogdorogeriogomes.com.br\/noticias\/wp-content\/uploads\/2022\/04\/IMG-20220411-WA0098.jpg 1600w\" sizes=\"auto, (max-width: 1024px) 100vw, 1024px\" \/><\/figure>\n\n\n\n<p><\/p>\n","protected":false},"excerpt":{"rendered":"<p>A Assembleia Legislativa do Cear\u00e1, por meio do Comit\u00ea de Responsabilidade Social e do Centro de Media\u00e7\u00e3o e Gest\u00e3o de Conflitos, lan\u00e7a a campanha &#8220;A leitura liberta&#8221;, que tem como objetivo arrecadar livros que ser\u00e3o doados para o sistema prisional cearense.A arrecada\u00e7\u00e3o de livros ser\u00e1 realizada at\u00e9 o dia 22 de abril, nas recep\u00e7\u00f5es dos pr\u00e9dios da Alece, na Associa\u00e7\u00e3o dos Servidores da Assembleia Legislativa do Cear\u00e1 (Assalce), na Casa do Cidad\u00e3o, na sala do Comit\u00ea de Responsabilidade Social,&hellip;<\/p>\n","protected":false},"author":1,"featured_media":25002,"comment_status":"open","ping_status":"open","sticky":false,"template":"","format":"standard","meta":{"footnotes":""},"categories":[1],"tags":[],"class_list":["post-25001","post","type-post","status-publish","format-standard","has-post-thumbnail","hentry","category-noticias"],"_links":{"self":[{"href":"https:\/\/blogdorogeriogomes.com.br\/noticias\/wp-json\/wp\/v2\/posts\/25001","targetHints":{"allow":["GET"]}}],"collection":[{"href":"https:\/\/blogdorogeriogomes.com.br\/noticias\/wp-json\/wp\/v2\/posts"}],"about":[{"href":"https:\/\/blogdorogeriogomes.com.br\/noticias\/wp-json\/wp\/v2\/types\/post"}],"author":[{"embeddable":true,"href":"https:\/\/blogdorogeriogomes.com.br\/noticias\/wp-json\/wp\/v2\/users\/1"}],"replies":[{"embeddable":true,"href":"https:\/\/blogdorogeriogomes.com.br\/noticias\/wp-json\/wp\/v2\/comments?post=25001"}],"version-history":[{"count":1,"href":"https:\/\/blogdorogeriogomes.com.br\/noticias\/wp-json\/wp\/v2\/posts\/25001\/revisions"}],"predecessor-version":[{"id":25003,"href":"https:\/\/blogdorogeriogomes.com.br\/noticias\/wp-json\/wp\/v2\/posts\/25001\/revisions\/25003"}],"wp:featuredmedia":[{"embeddable":true,"href":"https:\/\/blogdorogeriogomes.com.br\/noticias\/wp-json\/wp\/v2\/media\/25002"}],"wp:attachment":[{"href":"https:\/\/blogdorogeriogomes.com.br\/noticias\/wp-json\/wp\/v2\/media?parent=25001"}],"wp:term":[{"taxonomy":"category","embeddable":true,"href":"https:\/\/blogdorogeriogomes.com.br\/noticias\/wp-json\/wp\/v2\/categories?post=25001"},{"taxonomy":"post_tag","embeddable":true,"href":"https:\/\/blogdorogeriogomes.com.br\/noticias\/wp-json\/wp\/v2\/tags?post=25001"}],"curies":[{"name":"wp","href":"https:\/\/api.w.org\/{rel}","templated":true}]}}