{"id":25008,"date":"2022-04-11T23:36:37","date_gmt":"2022-04-11T23:36:37","guid":{"rendered":"https:\/\/blogdorogeriogomes.com.br\/?p=25008"},"modified":"2022-04-11T23:36:38","modified_gmt":"2022-04-11T23:36:38","slug":"prefeitura-de-fortaleza-entrega-o-novo-cuca-pici","status":"publish","type":"post","link":"https:\/\/blogdorogeriogomes.com.br\/noticias\/2022\/04\/prefeitura-de-fortaleza-entrega-o-novo-cuca-pici\/","title":{"rendered":"Prefeitura de Fortaleza entrega o novo Cuca Pici"},"content":{"rendered":"\n<p>O prefeito de Fortaleza, Jos\u00e9 Sarto, inaugurou, nesta segunda-feira, dia 11 de abril, o novo Centro Urbano de Cultura, Arte, Ci\u00eancia e Esporte (Cuca), no bairro Pici. Esse \u00e9 o quinto Cuca da Capital, que abre espa\u00e7o para atividades esportivas, culturais, de capacita\u00e7\u00e3o e de incentivo aos jovens da regi\u00e3o. O investimento feito pela gest\u00e3o municipal foi de cerca de R$ 30 milh\u00f5es, incluindo aquisi\u00e7\u00e3o de equipamentos.<\/p>\n\n\n\n<p>A Rede Cuca j\u00e1 conta com unidades na Barra do Cear\u00e1, Jangurussu, Mondubim e Jos\u00e9 Walter. A nova unidade do Pici foi constru\u00edda onde funcionava o antigo pr\u00e9dio do Centro Social Urbano (CSU) e possui cerca de 16 mil m\u00b2 de \u00e1rea.<\/p>\n\n\n\n<p>O novo Cuca conta com piscina, teatro, audit\u00f3rio, coworking, salas tem\u00e1ticas para dan\u00e7as e artes marciais, biblioteca e quadra poliesportiva. Ao lado do equipamento, foi constru\u00edda ainda,uma pra\u00e7a com Areninha, anfiteatro e skatepark.<\/p>\n\n\n\n<figure class=\"wp-block-image size-full is-resized\"><img loading=\"lazy\" decoding=\"async\" src=\"https:\/\/blogdorogeriogomes.com.br\/wp-content\/uploads\/2022\/04\/images-8-1.jpeg\" alt=\"\" class=\"wp-image-25009\" width=\"335\" height=\"279\" srcset=\"https:\/\/blogdorogeriogomes.com.br\/noticias\/wp-content\/uploads\/2022\/04\/images-8-1.jpeg 607w, https:\/\/blogdorogeriogomes.com.br\/noticias\/wp-content\/uploads\/2022\/04\/images-8-1-300x250.jpeg 300w\" sizes=\"auto, (max-width: 335px) 100vw, 335px\" \/><\/figure>\n\n\n\n<p><\/p>\n","protected":false},"excerpt":{"rendered":"<p>O prefeito de Fortaleza, Jos\u00e9 Sarto, inaugurou, nesta segunda-feira, dia 11 de abril, o novo Centro Urbano de Cultura, Arte, Ci\u00eancia e Esporte (Cuca), no bairro Pici. Esse \u00e9 o quinto Cuca da Capital, que abre espa\u00e7o para atividades esportivas, culturais, de capacita\u00e7\u00e3o e de incentivo aos jovens da regi\u00e3o. O investimento feito pela gest\u00e3o municipal foi de cerca de R$ 30 milh\u00f5es, incluindo aquisi\u00e7\u00e3o de equipamentos. A Rede Cuca j\u00e1 conta com unidades na Barra do Cear\u00e1, Jangurussu,&hellip;<\/p>\n","protected":false},"author":1,"featured_media":0,"comment_status":"open","ping_status":"open","sticky":false,"template":"","format":"standard","meta":{"footnotes":""},"categories":[1],"tags":[],"class_list":["post-25008","post","type-post","status-publish","format-standard","hentry","category-noticias"],"_links":{"self":[{"href":"https:\/\/blogdorogeriogomes.com.br\/noticias\/wp-json\/wp\/v2\/posts\/25008","targetHints":{"allow":["GET"]}}],"collection":[{"href":"https:\/\/blogdorogeriogomes.com.br\/noticias\/wp-json\/wp\/v2\/posts"}],"about":[{"href":"https:\/\/blogdorogeriogomes.com.br\/noticias\/wp-json\/wp\/v2\/types\/post"}],"author":[{"embeddable":true,"href":"https:\/\/blogdorogeriogomes.com.br\/noticias\/wp-json\/wp\/v2\/users\/1"}],"replies":[{"embeddable":true,"href":"https:\/\/blogdorogeriogomes.com.br\/noticias\/wp-json\/wp\/v2\/comments?post=25008"}],"version-history":[{"count":1,"href":"https:\/\/blogdorogeriogomes.com.br\/noticias\/wp-json\/wp\/v2\/posts\/25008\/revisions"}],"predecessor-version":[{"id":25010,"href":"https:\/\/blogdorogeriogomes.com.br\/noticias\/wp-json\/wp\/v2\/posts\/25008\/revisions\/25010"}],"wp:attachment":[{"href":"https:\/\/blogdorogeriogomes.com.br\/noticias\/wp-json\/wp\/v2\/media?parent=25008"}],"wp:term":[{"taxonomy":"category","embeddable":true,"href":"https:\/\/blogdorogeriogomes.com.br\/noticias\/wp-json\/wp\/v2\/categories?post=25008"},{"taxonomy":"post_tag","embeddable":true,"href":"https:\/\/blogdorogeriogomes.com.br\/noticias\/wp-json\/wp\/v2\/tags?post=25008"}],"curies":[{"name":"wp","href":"https:\/\/api.w.org\/{rel}","templated":true}]}}