{"id":25014,"date":"2022-04-12T09:41:05","date_gmt":"2022-04-12T09:41:05","guid":{"rendered":"https:\/\/blogdorogeriogomes.com.br\/?p=25014"},"modified":"2022-04-13T11:50:38","modified_gmt":"2022-04-13T11:50:38","slug":"aliados-de-izolda-cela-e-roberto-claudio-buscam-reforcar-apoio-na-disputa-de-quem-vai-concorrer-ao-governo-em-outubro","status":"publish","type":"post","link":"https:\/\/blogdorogeriogomes.com.br\/noticias\/2022\/04\/aliados-de-izolda-cela-e-roberto-claudio-buscam-reforcar-apoio-na-disputa-de-quem-vai-concorrer-ao-governo-em-outubro\/","title":{"rendered":"Aliados de Izolda Cela e Roberto Cl\u00e1udio buscam refor\u00e7ar apoio na disputa de quem vai concorrer ao Governo em outubro"},"content":{"rendered":"\n<p>A defini\u00e7\u00e3o do candidato governista para a disputa eleitoral pelo Governo do Cear\u00e1 em outubro s\u00f3 deve acontecer mesmo em julho. As disputas internas em torno dos nomes j\u00e1 apresentados come\u00e7am a gerar manifesta\u00e7\u00f5es entre os aliados e geram um clima de tens\u00e3o pol\u00edtica. No \u00faltimo fim de semana, o vereador Adahil J\u00fanior (PDT), que defende o nome de Roberto Cl\u00e1udio para ser o candidato, declarou que a atual governadora Izolda Cela \u00e9 muito pr\u00f3xima do PT, por isso, teria a prefer\u00eancia do partido. Por outro lado, o deputado federal Jos\u00e9 Guimar\u00e3es (PT) j\u00e1 defendeu o nome de Izolda como candidata. Diz que ela tem o perfil do ex-governador Camilo Santana.<\/p>\n\n\n\n<p>Por enquanto, Izolda Cela, que assumiu o Governo do Estado at\u00e9 dezembro ap\u00f3s a ren\u00fancia de Camilo Santana, que concorrer\u00e1 ao Senado, e Roberto Cl\u00e1udio est\u00e3o entre os mais cotados para disputar o Pal\u00e1cio da Aboli\u00e7\u00e3o. O presidente da Assembleia Legislativa, Evandro Leit\u00e3o (PDT) e o deputado federal Mauro Filho (PDT) correm por fora.<\/p>\n\n\n\n<p>A demonstra\u00e7\u00e3o de apoio de aliados, como o prefeito de Fortaleza, Jos\u00e9 Sarto, que diz preferir Roberto Cl\u00e1udio, s\u00f3 esquenta a disputa interna. O certo \u00e9 que, at\u00e9 julho, vai contar tamb\u00e9m a an\u00e1lise das pesquisas internas quanto a aceita\u00e7\u00e3o dia nomes junto ao eleitor.<\/p>\n\n\n\n<p>O cen\u00e1rio da disputa presidencial tamb\u00e9m importa. O ex-presidente Lula (PT) j\u00e1 deixou claro que o ex-governador Camilo Santana (PT) deve conduzir o processo de escolha do sucessor, claro, sem deixar de ouvir os aliados de primeira linha como os irm\u00e3os Cid e Ciro Gomes (PDT). Ciro tamb\u00e9m quer palanque forte no Cear\u00e1 na disputa presidencial.<\/p>\n\n\n\n<p>At\u00e9 julho, ainda tem muita conversa de bastidor para acontecer.<\/p>\n\n\n\n<figure class=\"wp-block-image size-full\"><img loading=\"lazy\" decoding=\"async\" width=\"739\" height=\"415\" src=\"https:\/\/blogdorogeriogomes.com.br\/wp-content\/uploads\/2022\/04\/images-9.jpeg\" alt=\"\" class=\"wp-image-25015\" srcset=\"https:\/\/blogdorogeriogomes.com.br\/noticias\/wp-content\/uploads\/2022\/04\/images-9.jpeg 739w, https:\/\/blogdorogeriogomes.com.br\/noticias\/wp-content\/uploads\/2022\/04\/images-9-300x168.jpeg 300w\" sizes=\"auto, (max-width: 739px) 100vw, 739px\" \/><\/figure>\n","protected":false},"excerpt":{"rendered":"<p>A defini\u00e7\u00e3o do candidato governista para a disputa eleitoral pelo Governo do Cear\u00e1 em outubro s\u00f3 deve acontecer mesmo em julho. As disputas internas em torno dos nomes j\u00e1 apresentados come\u00e7am a gerar manifesta\u00e7\u00f5es entre os aliados e geram um clima de tens\u00e3o pol\u00edtica. No \u00faltimo fim de semana, o vereador Adahil J\u00fanior (PDT), que defende o nome de Roberto Cl\u00e1udio para ser o candidato, declarou que a atual governadora Izolda Cela \u00e9 muito pr\u00f3xima do PT, por isso,&hellip;<\/p>\n","protected":false},"author":1,"featured_media":25015,"comment_status":"open","ping_status":"open","sticky":false,"template":"","format":"standard","meta":{"footnotes":""},"categories":[1],"tags":[],"class_list":["post-25014","post","type-post","status-publish","format-standard","has-post-thumbnail","hentry","category-noticias"],"_links":{"self":[{"href":"https:\/\/blogdorogeriogomes.com.br\/noticias\/wp-json\/wp\/v2\/posts\/25014","targetHints":{"allow":["GET"]}}],"collection":[{"href":"https:\/\/blogdorogeriogomes.com.br\/noticias\/wp-json\/wp\/v2\/posts"}],"about":[{"href":"https:\/\/blogdorogeriogomes.com.br\/noticias\/wp-json\/wp\/v2\/types\/post"}],"author":[{"embeddable":true,"href":"https:\/\/blogdorogeriogomes.com.br\/noticias\/wp-json\/wp\/v2\/users\/1"}],"replies":[{"embeddable":true,"href":"https:\/\/blogdorogeriogomes.com.br\/noticias\/wp-json\/wp\/v2\/comments?post=25014"}],"version-history":[{"count":1,"href":"https:\/\/blogdorogeriogomes.com.br\/noticias\/wp-json\/wp\/v2\/posts\/25014\/revisions"}],"predecessor-version":[{"id":25016,"href":"https:\/\/blogdorogeriogomes.com.br\/noticias\/wp-json\/wp\/v2\/posts\/25014\/revisions\/25016"}],"wp:featuredmedia":[{"embeddable":true,"href":"https:\/\/blogdorogeriogomes.com.br\/noticias\/wp-json\/wp\/v2\/media\/25015"}],"wp:attachment":[{"href":"https:\/\/blogdorogeriogomes.com.br\/noticias\/wp-json\/wp\/v2\/media?parent=25014"}],"wp:term":[{"taxonomy":"category","embeddable":true,"href":"https:\/\/blogdorogeriogomes.com.br\/noticias\/wp-json\/wp\/v2\/categories?post=25014"},{"taxonomy":"post_tag","embeddable":true,"href":"https:\/\/blogdorogeriogomes.com.br\/noticias\/wp-json\/wp\/v2\/tags?post=25014"}],"curies":[{"name":"wp","href":"https:\/\/api.w.org\/{rel}","templated":true}]}}