{"id":25035,"date":"2022-04-13T22:58:08","date_gmt":"2022-04-13T22:58:08","guid":{"rendered":"https:\/\/blogdorogeriogomes.com.br\/?p=25035"},"modified":"2022-04-14T09:22:06","modified_gmt":"2022-04-14T09:22:06","slug":"fagner-pede-ao-tre-do-ceara-que-retire-do-ar-video-falso-em-que-ele-apoiaria-a-reeleicao-de-jair-bolsonaro","status":"publish","type":"post","link":"https:\/\/blogdorogeriogomes.com.br\/noticias\/2022\/04\/fagner-pede-ao-tre-do-ceara-que-retire-do-ar-video-falso-em-que-ele-apoiaria-a-reeleicao-de-jair-bolsonaro\/","title":{"rendered":"Fagner pede ao TRE do Cear\u00e1 que retire do ar v\u00eddeo falso em que ele apoiaria a reelei\u00e7\u00e3o de Jair Bolsonaro"},"content":{"rendered":"\n<p>O cantor cearense Raimundo Fagner, que \u00e9 a principal atra\u00e7\u00e3o do show de anivers\u00e1rio na noite deste quarta-feira, dia 13 de abril, no Aterrinho da Praia de Iracema, entrou com um pedido formal ao Tribunal Regional Eleitoral (TRE) do Cear\u00e1 para fazer a retirada de um v\u00eddeo falso que circula nas redes sociais, onde o artista apoiaria a reelei\u00e7\u00e3o do presidente Jair Bolsonaro.<\/p>\n\n\n\n<p>Fagner afirmou que o conte\u00fado foi adulterado para parecer que \u00e9 do ano de 2022 quando, na verdade, o v\u00eddeo foi feito em 2018. A grava\u00e7\u00e3o \u00e9 manipulada com uma marca d&#8217;\u00e1gua escrita &#8220;Rumo a 2022. #FechadoComBolsonaro&#8221;.<\/p>\n\n\n\n<p>O cantor cearense solicitou \u00e0 Justi\u00e7a Eleitoral que retire o v\u00eddeo imediatamente de circula\u00e7\u00e3o. Com a proximidade da campanha eleitoral, as fake news ganham for\u00e7a nas redes sociais e cabe aos TREs coibirem os abusos cometidos por eleitores e as equipes dos candidatos.<\/p>\n\n\n\n<figure class=\"wp-block-image size-full\"><img loading=\"lazy\" decoding=\"async\" width=\"673\" height=\"455\" src=\"https:\/\/blogdorogeriogomes.com.br\/wp-content\/uploads\/2022\/04\/images-13.jpeg\" alt=\"\" class=\"wp-image-25036\" srcset=\"https:\/\/blogdorogeriogomes.com.br\/noticias\/wp-content\/uploads\/2022\/04\/images-13.jpeg 673w, https:\/\/blogdorogeriogomes.com.br\/noticias\/wp-content\/uploads\/2022\/04\/images-13-300x203.jpeg 300w\" sizes=\"auto, (max-width: 673px) 100vw, 673px\" \/><\/figure>\n","protected":false},"excerpt":{"rendered":"<p>O cantor cearense Raimundo Fagner, que \u00e9 a principal atra\u00e7\u00e3o do show de anivers\u00e1rio na noite deste quarta-feira, dia 13 de abril, no Aterrinho da Praia de Iracema, entrou com um pedido formal ao Tribunal Regional Eleitoral (TRE) do Cear\u00e1 para fazer a retirada de um v\u00eddeo falso que circula nas redes sociais, onde o artista apoiaria a reelei\u00e7\u00e3o do presidente Jair Bolsonaro. Fagner afirmou que o conte\u00fado foi adulterado para parecer que \u00e9 do ano de 2022 quando,&hellip;<\/p>\n","protected":false},"author":1,"featured_media":25036,"comment_status":"open","ping_status":"open","sticky":false,"template":"","format":"standard","meta":{"footnotes":""},"categories":[1],"tags":[],"class_list":["post-25035","post","type-post","status-publish","format-standard","has-post-thumbnail","hentry","category-noticias"],"_links":{"self":[{"href":"https:\/\/blogdorogeriogomes.com.br\/noticias\/wp-json\/wp\/v2\/posts\/25035","targetHints":{"allow":["GET"]}}],"collection":[{"href":"https:\/\/blogdorogeriogomes.com.br\/noticias\/wp-json\/wp\/v2\/posts"}],"about":[{"href":"https:\/\/blogdorogeriogomes.com.br\/noticias\/wp-json\/wp\/v2\/types\/post"}],"author":[{"embeddable":true,"href":"https:\/\/blogdorogeriogomes.com.br\/noticias\/wp-json\/wp\/v2\/users\/1"}],"replies":[{"embeddable":true,"href":"https:\/\/blogdorogeriogomes.com.br\/noticias\/wp-json\/wp\/v2\/comments?post=25035"}],"version-history":[{"count":1,"href":"https:\/\/blogdorogeriogomes.com.br\/noticias\/wp-json\/wp\/v2\/posts\/25035\/revisions"}],"predecessor-version":[{"id":25037,"href":"https:\/\/blogdorogeriogomes.com.br\/noticias\/wp-json\/wp\/v2\/posts\/25035\/revisions\/25037"}],"wp:featuredmedia":[{"embeddable":true,"href":"https:\/\/blogdorogeriogomes.com.br\/noticias\/wp-json\/wp\/v2\/media\/25036"}],"wp:attachment":[{"href":"https:\/\/blogdorogeriogomes.com.br\/noticias\/wp-json\/wp\/v2\/media?parent=25035"}],"wp:term":[{"taxonomy":"category","embeddable":true,"href":"https:\/\/blogdorogeriogomes.com.br\/noticias\/wp-json\/wp\/v2\/categories?post=25035"},{"taxonomy":"post_tag","embeddable":true,"href":"https:\/\/blogdorogeriogomes.com.br\/noticias\/wp-json\/wp\/v2\/tags?post=25035"}],"curies":[{"name":"wp","href":"https:\/\/api.w.org\/{rel}","templated":true}]}}