{"id":25043,"date":"2022-04-14T10:44:38","date_gmt":"2022-04-14T10:44:38","guid":{"rendered":"https:\/\/blogdorogeriogomes.com.br\/?p=25043"},"modified":"2022-04-18T18:20:14","modified_gmt":"2022-04-18T18:20:14","slug":"ex-governador-camilo-santana-recebe-medalha-iracema-da-prefeitura-de-fortaleza","status":"publish","type":"post","link":"https:\/\/blogdorogeriogomes.com.br\/noticias\/2022\/04\/ex-governador-camilo-santana-recebe-medalha-iracema-da-prefeitura-de-fortaleza\/","title":{"rendered":"Ex-governador Camilo Santana recebe medalha Iracema da Prefeitura de Fortaleza"},"content":{"rendered":"\n<p>A edi\u00e7\u00e3o 2022 da Medalha Iracema foi realizada na noite em que Fortaleza celebrou os 296 anos de funda\u00e7\u00e3o, nesta quarta-feira, dia 13 de abril, no Teatro S\u00e3o Jos\u00e9. <\/p>\n\n\n\n<p>A maior honraria do Poder Executivo Municipal foi entregue pelo prefeito Jos\u00e9 Sarto aos agraciados: o ex-governador Camilo Santana, o Instituto da Primeira Inf\u00e2ncia (Iprede), atrav\u00e9s do presidente Sulivan Mora, e os servidores da sa\u00fade, representados pela titular da Secretaria Municipal da Sa\u00fade (SMS), Ana Estela Leite.<\/p>\n\n\n\n<p>\u201cToda homenagem aumenta nossa responsabilidade de trabalhar e retribuir. Sou um servidor p\u00fablico com o objetivo de ajudar a construir um mundo melhor, focado nas pessoas mais vulner\u00e1veis&#8221;, disse Camilo Santana, que deixou o Governo do Cear\u00e1 para ser candidato ao Senado Federal nas elei\u00e7\u00f5es de outubro.&nbsp;<\/p>\n\n\n\n<figure class=\"wp-block-image size-large\"><img loading=\"lazy\" decoding=\"async\" width=\"1024\" height=\"601\" src=\"https:\/\/blogdorogeriogomes.com.br\/wp-content\/uploads\/2022\/04\/0000-13-04-2022-Medalha-Iracema-3-1-1024x601.jpg\" alt=\"\" class=\"wp-image-25044\" srcset=\"https:\/\/blogdorogeriogomes.com.br\/noticias\/wp-content\/uploads\/2022\/04\/0000-13-04-2022-Medalha-Iracema-3-1-1024x601.jpg 1024w, https:\/\/blogdorogeriogomes.com.br\/noticias\/wp-content\/uploads\/2022\/04\/0000-13-04-2022-Medalha-Iracema-3-1-300x176.jpg 300w, https:\/\/blogdorogeriogomes.com.br\/noticias\/wp-content\/uploads\/2022\/04\/0000-13-04-2022-Medalha-Iracema-3-1-768x451.jpg 768w, https:\/\/blogdorogeriogomes.com.br\/noticias\/wp-content\/uploads\/2022\/04\/0000-13-04-2022-Medalha-Iracema-3-1-1536x902.jpg 1536w, https:\/\/blogdorogeriogomes.com.br\/noticias\/wp-content\/uploads\/2022\/04\/0000-13-04-2022-Medalha-Iracema-3-1-800x470.jpg 800w, https:\/\/blogdorogeriogomes.com.br\/noticias\/wp-content\/uploads\/2022\/04\/0000-13-04-2022-Medalha-Iracema-3-1.jpg 1599w\" sizes=\"auto, (max-width: 1024px) 100vw, 1024px\" \/><\/figure>\n","protected":false},"excerpt":{"rendered":"<p>A edi\u00e7\u00e3o 2022 da Medalha Iracema foi realizada na noite em que Fortaleza celebrou os 296 anos de funda\u00e7\u00e3o, nesta quarta-feira, dia 13 de abril, no Teatro S\u00e3o Jos\u00e9. A maior honraria do Poder Executivo Municipal foi entregue pelo prefeito Jos\u00e9 Sarto aos agraciados: o ex-governador Camilo Santana, o Instituto da Primeira Inf\u00e2ncia (Iprede), atrav\u00e9s do presidente Sulivan Mora, e os servidores da sa\u00fade, representados pela titular da Secretaria Municipal da Sa\u00fade (SMS), Ana Estela Leite. \u201cToda homenagem aumenta&hellip;<\/p>\n","protected":false},"author":1,"featured_media":25044,"comment_status":"open","ping_status":"open","sticky":false,"template":"","format":"standard","meta":{"footnotes":""},"categories":[1],"tags":[],"class_list":["post-25043","post","type-post","status-publish","format-standard","has-post-thumbnail","hentry","category-noticias"],"_links":{"self":[{"href":"https:\/\/blogdorogeriogomes.com.br\/noticias\/wp-json\/wp\/v2\/posts\/25043","targetHints":{"allow":["GET"]}}],"collection":[{"href":"https:\/\/blogdorogeriogomes.com.br\/noticias\/wp-json\/wp\/v2\/posts"}],"about":[{"href":"https:\/\/blogdorogeriogomes.com.br\/noticias\/wp-json\/wp\/v2\/types\/post"}],"author":[{"embeddable":true,"href":"https:\/\/blogdorogeriogomes.com.br\/noticias\/wp-json\/wp\/v2\/users\/1"}],"replies":[{"embeddable":true,"href":"https:\/\/blogdorogeriogomes.com.br\/noticias\/wp-json\/wp\/v2\/comments?post=25043"}],"version-history":[{"count":2,"href":"https:\/\/blogdorogeriogomes.com.br\/noticias\/wp-json\/wp\/v2\/posts\/25043\/revisions"}],"predecessor-version":[{"id":25071,"href":"https:\/\/blogdorogeriogomes.com.br\/noticias\/wp-json\/wp\/v2\/posts\/25043\/revisions\/25071"}],"wp:featuredmedia":[{"embeddable":true,"href":"https:\/\/blogdorogeriogomes.com.br\/noticias\/wp-json\/wp\/v2\/media\/25044"}],"wp:attachment":[{"href":"https:\/\/blogdorogeriogomes.com.br\/noticias\/wp-json\/wp\/v2\/media?parent=25043"}],"wp:term":[{"taxonomy":"category","embeddable":true,"href":"https:\/\/blogdorogeriogomes.com.br\/noticias\/wp-json\/wp\/v2\/categories?post=25043"},{"taxonomy":"post_tag","embeddable":true,"href":"https:\/\/blogdorogeriogomes.com.br\/noticias\/wp-json\/wp\/v2\/tags?post=25043"}],"curies":[{"name":"wp","href":"https:\/\/api.w.org\/{rel}","templated":true}]}}