{"id":25046,"date":"2022-04-14T10:54:13","date_gmt":"2022-04-14T10:54:13","guid":{"rendered":"https:\/\/blogdorogeriogomes.com.br\/?p=25046"},"modified":"2022-04-18T18:20:05","modified_gmt":"2022-04-18T18:20:05","slug":"fortalezenses-celebram-aniversario-da-capital-com-musica-e-animacao-no-aterrinho-da-praia-de-iracema","status":"publish","type":"post","link":"https:\/\/blogdorogeriogomes.com.br\/noticias\/2022\/04\/fortalezenses-celebram-aniversario-da-capital-com-musica-e-animacao-no-aterrinho-da-praia-de-iracema\/","title":{"rendered":"Fortalezenses celebram anivers\u00e1rio da Capital com m\u00fasica e anima\u00e7\u00e3o no Aterrinho da Praia de Iracema"},"content":{"rendered":"\n<p>Milhares de fortalezenses se reuniram na Praia de Iracema, nesta quarta-feira, dia 13 de abril, para comemorar o anivers\u00e1rio de 296 anos de Fortaleza. O evento, que teve como atra\u00e7\u00e3o principal o cantor e compositor Raimundo Fagner. al\u00e9m dos ritmos de outros artistas locais, marcou a celebra\u00e7\u00e3o com o sentimento de retomada das atividades culturais gratuitas ap\u00f3s mais de dois anos de pandemia.<\/p>\n\n\n\n<p>A programa\u00e7\u00e3o contou com a performance de B\u00e1rbara Sena, Maria Antonia, Camila Marieta, Navire, Nayra Costa e Selvagens \u00e0 Procura de Lei, que animaram o p\u00fablico com ritmos como rap, MPB e rock. No encerramento, Fagner e banda apresentaram grandes sucessos, como &#8220;Deslizes&#8221;, &#8220;Lembran\u00e7a de um Beijo&#8221; e &#8220;Canteiros&#8221;.<\/p>\n\n\n\n<figure class=\"wp-block-image size-large\"><img loading=\"lazy\" decoding=\"async\" width=\"1024\" height=\"601\" src=\"https:\/\/blogdorogeriogomes.com.br\/wp-content\/uploads\/2022\/04\/0000-13-04-2022-Fagner-2-1024x601.jpg\" alt=\"\" class=\"wp-image-25047\" srcset=\"https:\/\/blogdorogeriogomes.com.br\/noticias\/wp-content\/uploads\/2022\/04\/0000-13-04-2022-Fagner-2-1024x601.jpg 1024w, https:\/\/blogdorogeriogomes.com.br\/noticias\/wp-content\/uploads\/2022\/04\/0000-13-04-2022-Fagner-2-300x176.jpg 300w, https:\/\/blogdorogeriogomes.com.br\/noticias\/wp-content\/uploads\/2022\/04\/0000-13-04-2022-Fagner-2-768x451.jpg 768w, https:\/\/blogdorogeriogomes.com.br\/noticias\/wp-content\/uploads\/2022\/04\/0000-13-04-2022-Fagner-2-800x470.jpg 800w, https:\/\/blogdorogeriogomes.com.br\/noticias\/wp-content\/uploads\/2022\/04\/0000-13-04-2022-Fagner-2.jpg 1500w\" sizes=\"auto, (max-width: 1024px) 100vw, 1024px\" \/><\/figure>\n","protected":false},"excerpt":{"rendered":"<p>Milhares de fortalezenses se reuniram na Praia de Iracema, nesta quarta-feira, dia 13 de abril, para comemorar o anivers\u00e1rio de 296 anos de Fortaleza. O evento, que teve como atra\u00e7\u00e3o principal o cantor e compositor Raimundo Fagner. al\u00e9m dos ritmos de outros artistas locais, marcou a celebra\u00e7\u00e3o com o sentimento de retomada das atividades culturais gratuitas ap\u00f3s mais de dois anos de pandemia. A programa\u00e7\u00e3o contou com a performance de B\u00e1rbara Sena, Maria Antonia, Camila Marieta, Navire, Nayra Costa&hellip;<\/p>\n","protected":false},"author":1,"featured_media":25047,"comment_status":"open","ping_status":"open","sticky":false,"template":"","format":"standard","meta":{"footnotes":""},"categories":[1],"tags":[],"class_list":["post-25046","post","type-post","status-publish","format-standard","has-post-thumbnail","hentry","category-noticias"],"_links":{"self":[{"href":"https:\/\/blogdorogeriogomes.com.br\/noticias\/wp-json\/wp\/v2\/posts\/25046","targetHints":{"allow":["GET"]}}],"collection":[{"href":"https:\/\/blogdorogeriogomes.com.br\/noticias\/wp-json\/wp\/v2\/posts"}],"about":[{"href":"https:\/\/blogdorogeriogomes.com.br\/noticias\/wp-json\/wp\/v2\/types\/post"}],"author":[{"embeddable":true,"href":"https:\/\/blogdorogeriogomes.com.br\/noticias\/wp-json\/wp\/v2\/users\/1"}],"replies":[{"embeddable":true,"href":"https:\/\/blogdorogeriogomes.com.br\/noticias\/wp-json\/wp\/v2\/comments?post=25046"}],"version-history":[{"count":1,"href":"https:\/\/blogdorogeriogomes.com.br\/noticias\/wp-json\/wp\/v2\/posts\/25046\/revisions"}],"predecessor-version":[{"id":25048,"href":"https:\/\/blogdorogeriogomes.com.br\/noticias\/wp-json\/wp\/v2\/posts\/25046\/revisions\/25048"}],"wp:featuredmedia":[{"embeddable":true,"href":"https:\/\/blogdorogeriogomes.com.br\/noticias\/wp-json\/wp\/v2\/media\/25047"}],"wp:attachment":[{"href":"https:\/\/blogdorogeriogomes.com.br\/noticias\/wp-json\/wp\/v2\/media?parent=25046"}],"wp:term":[{"taxonomy":"category","embeddable":true,"href":"https:\/\/blogdorogeriogomes.com.br\/noticias\/wp-json\/wp\/v2\/categories?post=25046"},{"taxonomy":"post_tag","embeddable":true,"href":"https:\/\/blogdorogeriogomes.com.br\/noticias\/wp-json\/wp\/v2\/tags?post=25046"}],"curies":[{"name":"wp","href":"https:\/\/api.w.org\/{rel}","templated":true}]}}