{"id":25052,"date":"2022-04-14T15:08:49","date_gmt":"2022-04-14T15:08:49","guid":{"rendered":"https:\/\/blogdorogeriogomes.com.br\/?p=25052"},"modified":"2022-04-18T18:19:45","modified_gmt":"2022-04-18T18:19:45","slug":"ex-primeira-dama-onelia-santana-assume-o-comando-da-secretaria-de-protecao-social-no-lugar-de-socorro-franca","status":"publish","type":"post","link":"https:\/\/blogdorogeriogomes.com.br\/noticias\/2022\/04\/ex-primeira-dama-onelia-santana-assume-o-comando-da-secretaria-de-protecao-social-no-lugar-de-socorro-franca\/","title":{"rendered":"Ex-primeira-dama Onelia Santana assume o comando da Secretaria de Prote\u00e7\u00e3o Social no lugar de Socorro Fran\u00e7a"},"content":{"rendered":"\n<p>A ex-primeira-dama do Cear\u00e1, Onelia Santana, vai assumir o comando da Secretaria da&nbsp;Prote\u00e7\u00e3o Social&nbsp;do governo&nbsp;Izolda Cela (PDT), na pr\u00f3xima semana. Ela ficar\u00e1 no lugar de Socorro Fran\u00e7a, que pediu para deixar a fun\u00e7\u00e3o e pode ser candidata a algum cargo eletivo em outubro. <\/p>\n\n\n\n<p>Durante o governo do marido Camilo Santana, On\u00e9lia foi respons\u00e1vel&nbsp;pelo Programa Mais Inf\u00e2ncia Cear\u00e1, respons\u00e1vel pela transfer\u00eancia de renda para 150 mil fam\u00edlias vulner\u00e1veis, distribui\u00e7\u00e3o de alimentos no programa Mais Nutri\u00e7\u00e3o e constru\u00e7\u00e3o de&nbsp;brinquedopra\u00e7as, brinquedotecas e centros de educa\u00e7\u00e3o infantil na Capital e no interior do Cear\u00e1.<br><\/p>\n\n\n\n<figure class=\"wp-block-image size-full\"><img loading=\"lazy\" decoding=\"async\" width=\"713\" height=\"430\" src=\"https:\/\/blogdorogeriogomes.com.br\/wp-content\/uploads\/2022\/04\/images-14.jpeg\" alt=\"\" class=\"wp-image-25053\" srcset=\"https:\/\/blogdorogeriogomes.com.br\/noticias\/wp-content\/uploads\/2022\/04\/images-14.jpeg 713w, https:\/\/blogdorogeriogomes.com.br\/noticias\/wp-content\/uploads\/2022\/04\/images-14-300x181.jpeg 300w\" sizes=\"auto, (max-width: 713px) 100vw, 713px\" \/><\/figure>\n\n\n\n<p><br><\/p>\n","protected":false},"excerpt":{"rendered":"<p>A ex-primeira-dama do Cear\u00e1, Onelia Santana, vai assumir o comando da Secretaria da&nbsp;Prote\u00e7\u00e3o Social&nbsp;do governo&nbsp;Izolda Cela (PDT), na pr\u00f3xima semana. Ela ficar\u00e1 no lugar de Socorro Fran\u00e7a, que pediu para deixar a fun\u00e7\u00e3o e pode ser candidata a algum cargo eletivo em outubro. Durante o governo do marido Camilo Santana, On\u00e9lia foi respons\u00e1vel&nbsp;pelo Programa Mais Inf\u00e2ncia Cear\u00e1, respons\u00e1vel pela transfer\u00eancia de renda para 150 mil fam\u00edlias vulner\u00e1veis, distribui\u00e7\u00e3o de alimentos no programa Mais Nutri\u00e7\u00e3o e constru\u00e7\u00e3o de&nbsp;brinquedopra\u00e7as, brinquedotecas e&hellip;<\/p>\n","protected":false},"author":1,"featured_media":25053,"comment_status":"open","ping_status":"open","sticky":false,"template":"","format":"standard","meta":{"footnotes":""},"categories":[1],"tags":[],"class_list":["post-25052","post","type-post","status-publish","format-standard","has-post-thumbnail","hentry","category-noticias"],"_links":{"self":[{"href":"https:\/\/blogdorogeriogomes.com.br\/noticias\/wp-json\/wp\/v2\/posts\/25052","targetHints":{"allow":["GET"]}}],"collection":[{"href":"https:\/\/blogdorogeriogomes.com.br\/noticias\/wp-json\/wp\/v2\/posts"}],"about":[{"href":"https:\/\/blogdorogeriogomes.com.br\/noticias\/wp-json\/wp\/v2\/types\/post"}],"author":[{"embeddable":true,"href":"https:\/\/blogdorogeriogomes.com.br\/noticias\/wp-json\/wp\/v2\/users\/1"}],"replies":[{"embeddable":true,"href":"https:\/\/blogdorogeriogomes.com.br\/noticias\/wp-json\/wp\/v2\/comments?post=25052"}],"version-history":[{"count":2,"href":"https:\/\/blogdorogeriogomes.com.br\/noticias\/wp-json\/wp\/v2\/posts\/25052\/revisions"}],"predecessor-version":[{"id":25069,"href":"https:\/\/blogdorogeriogomes.com.br\/noticias\/wp-json\/wp\/v2\/posts\/25052\/revisions\/25069"}],"wp:featuredmedia":[{"embeddable":true,"href":"https:\/\/blogdorogeriogomes.com.br\/noticias\/wp-json\/wp\/v2\/media\/25053"}],"wp:attachment":[{"href":"https:\/\/blogdorogeriogomes.com.br\/noticias\/wp-json\/wp\/v2\/media?parent=25052"}],"wp:term":[{"taxonomy":"category","embeddable":true,"href":"https:\/\/blogdorogeriogomes.com.br\/noticias\/wp-json\/wp\/v2\/categories?post=25052"},{"taxonomy":"post_tag","embeddable":true,"href":"https:\/\/blogdorogeriogomes.com.br\/noticias\/wp-json\/wp\/v2\/tags?post=25052"}],"curies":[{"name":"wp","href":"https:\/\/api.w.org\/{rel}","templated":true}]}}