{"id":25055,"date":"2022-04-14T16:49:53","date_gmt":"2022-04-14T16:49:53","guid":{"rendered":"https:\/\/blogdorogeriogomes.com.br\/?p=25055"},"modified":"2022-04-18T18:19:23","modified_gmt":"2022-04-18T18:19:23","slug":"uso-de-mascaras-em-ambientes-fechados-deixa-de-ser-obrigatorio-no-ceara-a-partir-desta-sexta-feira","status":"publish","type":"post","link":"https:\/\/blogdorogeriogomes.com.br\/noticias\/2022\/04\/uso-de-mascaras-em-ambientes-fechados-deixa-de-ser-obrigatorio-no-ceara-a-partir-desta-sexta-feira\/","title":{"rendered":"Uso de m\u00e1scaras em ambientes fechados deixa de ser obrigat\u00f3rio no Cear\u00e1 a partir desta sexta-feira"},"content":{"rendered":"\n<p>A governadora do Cear\u00e1, Izolda Cela, anunciou nesta quinta-feira, dia 14 de abril, o fim da obrigatoriedade do uso de m\u00e1scaras faciais para previnir a Covid-19 em ambientes fechados. A medida vale a partir desta sexta-feira, dia 15. Em todo o Estado, o uso do acess\u00f3rio em ambientes abertos j\u00e1 n\u00e3o era mais obrigat\u00f3rio. O uso da m\u00e1scara ainda ser\u00e1 exigido no transporte p\u00fablico e unidades de sa\u00fade.<\/p>\n\n\n\n<p>A governadora do Estado ressalta que a cobertura vacinal do Estado tem mais de 19 milh\u00f5es de doses aplicadas, com 86% de cobertura com as duas primeiras doses e cerca de 60% em rela\u00e7\u00e3o \u00e0 terceira dose.&nbsp;<br><\/p>\n\n\n\n<figure class=\"wp-block-image size-full is-resized\"><img loading=\"lazy\" decoding=\"async\" src=\"https:\/\/blogdorogeriogomes.com.br\/wp-content\/uploads\/2022\/04\/download.jpeg\" alt=\"\" class=\"wp-image-25056\" width=\"325\" height=\"182\"\/><\/figure>\n","protected":false},"excerpt":{"rendered":"<p>A governadora do Cear\u00e1, Izolda Cela, anunciou nesta quinta-feira, dia 14 de abril, o fim da obrigatoriedade do uso de m\u00e1scaras faciais para previnir a Covid-19 em ambientes fechados. A medida vale a partir desta sexta-feira, dia 15. Em todo o Estado, o uso do acess\u00f3rio em ambientes abertos j\u00e1 n\u00e3o era mais obrigat\u00f3rio. O uso da m\u00e1scara ainda ser\u00e1 exigido no transporte p\u00fablico e unidades de sa\u00fade. A governadora do Estado ressalta que a cobertura vacinal do Estado&hellip;<\/p>\n","protected":false},"author":1,"featured_media":25056,"comment_status":"open","ping_status":"open","sticky":false,"template":"","format":"standard","meta":{"footnotes":""},"categories":[1],"tags":[],"class_list":["post-25055","post","type-post","status-publish","format-standard","has-post-thumbnail","hentry","category-noticias"],"_links":{"self":[{"href":"https:\/\/blogdorogeriogomes.com.br\/noticias\/wp-json\/wp\/v2\/posts\/25055","targetHints":{"allow":["GET"]}}],"collection":[{"href":"https:\/\/blogdorogeriogomes.com.br\/noticias\/wp-json\/wp\/v2\/posts"}],"about":[{"href":"https:\/\/blogdorogeriogomes.com.br\/noticias\/wp-json\/wp\/v2\/types\/post"}],"author":[{"embeddable":true,"href":"https:\/\/blogdorogeriogomes.com.br\/noticias\/wp-json\/wp\/v2\/users\/1"}],"replies":[{"embeddable":true,"href":"https:\/\/blogdorogeriogomes.com.br\/noticias\/wp-json\/wp\/v2\/comments?post=25055"}],"version-history":[{"count":2,"href":"https:\/\/blogdorogeriogomes.com.br\/noticias\/wp-json\/wp\/v2\/posts\/25055\/revisions"}],"predecessor-version":[{"id":25068,"href":"https:\/\/blogdorogeriogomes.com.br\/noticias\/wp-json\/wp\/v2\/posts\/25055\/revisions\/25068"}],"wp:featuredmedia":[{"embeddable":true,"href":"https:\/\/blogdorogeriogomes.com.br\/noticias\/wp-json\/wp\/v2\/media\/25056"}],"wp:attachment":[{"href":"https:\/\/blogdorogeriogomes.com.br\/noticias\/wp-json\/wp\/v2\/media?parent=25055"}],"wp:term":[{"taxonomy":"category","embeddable":true,"href":"https:\/\/blogdorogeriogomes.com.br\/noticias\/wp-json\/wp\/v2\/categories?post=25055"},{"taxonomy":"post_tag","embeddable":true,"href":"https:\/\/blogdorogeriogomes.com.br\/noticias\/wp-json\/wp\/v2\/tags?post=25055"}],"curies":[{"name":"wp","href":"https:\/\/api.w.org\/{rel}","templated":true}]}}