{"id":25058,"date":"2022-04-18T10:08:22","date_gmt":"2022-04-18T10:08:22","guid":{"rendered":"https:\/\/blogdorogeriogomes.com.br\/?p=25058"},"modified":"2022-04-18T18:19:14","modified_gmt":"2022-04-18T18:19:14","slug":"semana-comeca-chuvosa-varzea-alegre-tem-maior-registro-do-ano-200-milimetros","status":"publish","type":"post","link":"https:\/\/blogdorogeriogomes.com.br\/noticias\/2022\/04\/semana-comeca-chuvosa-varzea-alegre-tem-maior-registro-do-ano-200-milimetros\/","title":{"rendered":"Semana come\u00e7a chuvosa. V\u00e1rzea Alegre tem maior registro do ano: 200 mil\u00edmetros"},"content":{"rendered":"\n<p>A semana come\u00e7ou com registro de chuvas em Fortaleza e no interior do Cear\u00e1. Mas o maior registro do fim de semana aconteceu no munic\u00edpio de V\u00e1rzea Alegre, no Sul do Estado, com 200 mil\u00edmetros. A forte precipita\u00e7\u00e3o causou alagamento em ruas da cidade. O a\u00e7ude Olho D\u2019\u00e1gua, principal reservat\u00f3rio de abastecimento de V\u00e1rzea Alegre, chegou a 90,63% da capacidade. Foi a maior chuva de 2022 no Cear\u00e1.<\/p>\n\n\n\n<p>A Funceme registrou precipita\u00e7\u00f5es em 58 cidades, com destaque tamb\u00e9m para Granjeiro (86 mm) e em Cari\u00fas (61 mm). O Cear\u00e1 dever\u00e1 apresentar condi\u00e7\u00f5es para chuva em todas as macrorregi\u00f5es at\u00e9, pelo menos, esta segunda-feira, dia 18 de abril. Os principais acumulados s\u00e3o esperados para a faixa litor\u00e2nea, Ibiapaba, Cariri e centro-sul do Sert\u00e3o Central e Inhamuns.<\/p>\n\n\n\n<figure class=\"wp-block-image size-full\"><img loading=\"lazy\" decoding=\"async\" width=\"600\" height=\"450\" src=\"https:\/\/blogdorogeriogomes.com.br\/wp-content\/uploads\/2022\/04\/images-16.jpeg\" alt=\"\" class=\"wp-image-25059\" srcset=\"https:\/\/blogdorogeriogomes.com.br\/noticias\/wp-content\/uploads\/2022\/04\/images-16.jpeg 600w, https:\/\/blogdorogeriogomes.com.br\/noticias\/wp-content\/uploads\/2022\/04\/images-16-300x225.jpeg 300w, https:\/\/blogdorogeriogomes.com.br\/noticias\/wp-content\/uploads\/2022\/04\/images-16-400x300.jpeg 400w\" sizes=\"auto, (max-width: 600px) 100vw, 600px\" \/><\/figure>\n","protected":false},"excerpt":{"rendered":"<p>A semana come\u00e7ou com registro de chuvas em Fortaleza e no interior do Cear\u00e1. Mas o maior registro do fim de semana aconteceu no munic\u00edpio de V\u00e1rzea Alegre, no Sul do Estado, com 200 mil\u00edmetros. A forte precipita\u00e7\u00e3o causou alagamento em ruas da cidade. O a\u00e7ude Olho D\u2019\u00e1gua, principal reservat\u00f3rio de abastecimento de V\u00e1rzea Alegre, chegou a 90,63% da capacidade. Foi a maior chuva de 2022 no Cear\u00e1. A Funceme registrou precipita\u00e7\u00f5es em 58 cidades, com destaque tamb\u00e9m para&hellip;<\/p>\n","protected":false},"author":1,"featured_media":25059,"comment_status":"open","ping_status":"open","sticky":false,"template":"","format":"standard","meta":{"footnotes":""},"categories":[1],"tags":[],"class_list":["post-25058","post","type-post","status-publish","format-standard","has-post-thumbnail","hentry","category-noticias"],"_links":{"self":[{"href":"https:\/\/blogdorogeriogomes.com.br\/noticias\/wp-json\/wp\/v2\/posts\/25058","targetHints":{"allow":["GET"]}}],"collection":[{"href":"https:\/\/blogdorogeriogomes.com.br\/noticias\/wp-json\/wp\/v2\/posts"}],"about":[{"href":"https:\/\/blogdorogeriogomes.com.br\/noticias\/wp-json\/wp\/v2\/types\/post"}],"author":[{"embeddable":true,"href":"https:\/\/blogdorogeriogomes.com.br\/noticias\/wp-json\/wp\/v2\/users\/1"}],"replies":[{"embeddable":true,"href":"https:\/\/blogdorogeriogomes.com.br\/noticias\/wp-json\/wp\/v2\/comments?post=25058"}],"version-history":[{"count":1,"href":"https:\/\/blogdorogeriogomes.com.br\/noticias\/wp-json\/wp\/v2\/posts\/25058\/revisions"}],"predecessor-version":[{"id":25060,"href":"https:\/\/blogdorogeriogomes.com.br\/noticias\/wp-json\/wp\/v2\/posts\/25058\/revisions\/25060"}],"wp:featuredmedia":[{"embeddable":true,"href":"https:\/\/blogdorogeriogomes.com.br\/noticias\/wp-json\/wp\/v2\/media\/25059"}],"wp:attachment":[{"href":"https:\/\/blogdorogeriogomes.com.br\/noticias\/wp-json\/wp\/v2\/media?parent=25058"}],"wp:term":[{"taxonomy":"category","embeddable":true,"href":"https:\/\/blogdorogeriogomes.com.br\/noticias\/wp-json\/wp\/v2\/categories?post=25058"},{"taxonomy":"post_tag","embeddable":true,"href":"https:\/\/blogdorogeriogomes.com.br\/noticias\/wp-json\/wp\/v2\/tags?post=25058"}],"curies":[{"name":"wp","href":"https:\/\/api.w.org\/{rel}","templated":true}]}}