{"id":25061,"date":"2022-04-18T10:30:06","date_gmt":"2022-04-18T10:30:06","guid":{"rendered":"https:\/\/blogdorogeriogomes.com.br\/?p=25061"},"modified":"2022-04-18T18:19:06","modified_gmt":"2022-04-18T18:19:06","slug":"marcelo-queiroga-anuncia-fim-da-emergencia-da-covid-mas-o-brasil-ainda-mantem-media-diaria-de-100-mortes","status":"publish","type":"post","link":"https:\/\/blogdorogeriogomes.com.br\/noticias\/2022\/04\/marcelo-queiroga-anuncia-fim-da-emergencia-da-covid-mas-o-brasil-ainda-mantem-media-diaria-de-100-mortes\/","title":{"rendered":"Marcelo Queiroga anuncia fim da emerg\u00eancia da Covid, mas o Brasil ainda mant\u00e9m m\u00e9dia di\u00e1ria de 100 mortes"},"content":{"rendered":"\n<p>O ministro da Sa\u00fade, Marcelo Queiroga, anunciou o&nbsp;fim do estado de &#8220;emerg\u00eancia sanit\u00e1ria nacional&#8221; por causa da Covid-19, instaurado em fevereiro de 2020. A decis\u00e3o&nbsp;marca o fim de medidas impostas ainda no in\u00edcio da pandemia, mas n\u00e3o o fim da pandemia em si, essa \u00e9 de responsabilidade da Organiza\u00e7\u00e3o Mundial da Sa\u00fade (OMS).<\/p>\n\n\n\n<p>A decis\u00e3o deve alterar parte das medidas implementadas para o controle da pandemia da Covid-19, como o uso de m\u00e1scaras, a compra de rem\u00e9dios e a vacina\u00e7\u00e3o.<\/p>\n\n\n\n<p>O Brasil tem 662.011 mortes e 30.248.082 casos registrados do novo coronav\u00edrus desde o in\u00edcio da pandemia. Em queda h\u00e1 52 dias, a m\u00e9dia di\u00e1ria de mortes por coronav\u00edrus no Pa\u00eds est\u00e1 em 100.<\/p>\n\n\n\n<p>A decis\u00e3o do Minist\u00e9rio da Sa\u00fade em dar fim a emerg\u00eancia sanit\u00e1ria para a Covid-19 contraria o que recomenda a Organiza\u00e7\u00e3o Mundial da Sa\u00fade (OMS), que ainda considera o quadro preocupante em v\u00e1rios pa\u00edses, e a estrat\u00e9gia de Joe Biden, nos Estados Unidos, que ampliou por mais tr\u00eas meses medidas de controle e uso da m\u00e1scara.<\/p>\n\n\n\n<figure class=\"wp-block-image size-full\"><img loading=\"lazy\" decoding=\"async\" width=\"680\" height=\"451\" src=\"https:\/\/blogdorogeriogomes.com.br\/wp-content\/uploads\/2022\/04\/images-17.jpeg\" alt=\"\" class=\"wp-image-25062\" srcset=\"https:\/\/blogdorogeriogomes.com.br\/noticias\/wp-content\/uploads\/2022\/04\/images-17.jpeg 680w, https:\/\/blogdorogeriogomes.com.br\/noticias\/wp-content\/uploads\/2022\/04\/images-17-300x199.jpeg 300w\" sizes=\"auto, (max-width: 680px) 100vw, 680px\" \/><\/figure>\n","protected":false},"excerpt":{"rendered":"<p>O ministro da Sa\u00fade, Marcelo Queiroga, anunciou o&nbsp;fim do estado de &#8220;emerg\u00eancia sanit\u00e1ria nacional&#8221; por causa da Covid-19, instaurado em fevereiro de 2020. A decis\u00e3o&nbsp;marca o fim de medidas impostas ainda no in\u00edcio da pandemia, mas n\u00e3o o fim da pandemia em si, essa \u00e9 de responsabilidade da Organiza\u00e7\u00e3o Mundial da Sa\u00fade (OMS). A decis\u00e3o deve alterar parte das medidas implementadas para o controle da pandemia da Covid-19, como o uso de m\u00e1scaras, a compra de rem\u00e9dios e a&hellip;<\/p>\n","protected":false},"author":1,"featured_media":25062,"comment_status":"open","ping_status":"open","sticky":false,"template":"","format":"standard","meta":{"footnotes":""},"categories":[1],"tags":[],"class_list":["post-25061","post","type-post","status-publish","format-standard","has-post-thumbnail","hentry","category-noticias"],"_links":{"self":[{"href":"https:\/\/blogdorogeriogomes.com.br\/noticias\/wp-json\/wp\/v2\/posts\/25061","targetHints":{"allow":["GET"]}}],"collection":[{"href":"https:\/\/blogdorogeriogomes.com.br\/noticias\/wp-json\/wp\/v2\/posts"}],"about":[{"href":"https:\/\/blogdorogeriogomes.com.br\/noticias\/wp-json\/wp\/v2\/types\/post"}],"author":[{"embeddable":true,"href":"https:\/\/blogdorogeriogomes.com.br\/noticias\/wp-json\/wp\/v2\/users\/1"}],"replies":[{"embeddable":true,"href":"https:\/\/blogdorogeriogomes.com.br\/noticias\/wp-json\/wp\/v2\/comments?post=25061"}],"version-history":[{"count":2,"href":"https:\/\/blogdorogeriogomes.com.br\/noticias\/wp-json\/wp\/v2\/posts\/25061\/revisions"}],"predecessor-version":[{"id":25067,"href":"https:\/\/blogdorogeriogomes.com.br\/noticias\/wp-json\/wp\/v2\/posts\/25061\/revisions\/25067"}],"wp:featuredmedia":[{"embeddable":true,"href":"https:\/\/blogdorogeriogomes.com.br\/noticias\/wp-json\/wp\/v2\/media\/25062"}],"wp:attachment":[{"href":"https:\/\/blogdorogeriogomes.com.br\/noticias\/wp-json\/wp\/v2\/media?parent=25061"}],"wp:term":[{"taxonomy":"category","embeddable":true,"href":"https:\/\/blogdorogeriogomes.com.br\/noticias\/wp-json\/wp\/v2\/categories?post=25061"},{"taxonomy":"post_tag","embeddable":true,"href":"https:\/\/blogdorogeriogomes.com.br\/noticias\/wp-json\/wp\/v2\/tags?post=25061"}],"curies":[{"name":"wp","href":"https:\/\/api.w.org\/{rel}","templated":true}]}}