{"id":25064,"date":"2022-04-18T10:53:00","date_gmt":"2022-04-18T10:53:00","guid":{"rendered":"https:\/\/blogdorogeriogomes.com.br\/?p=25064"},"modified":"2022-04-18T18:18:46","modified_gmt":"2022-04-18T18:18:46","slug":"pt-aciona-tse-contra-motociata-promovida-por-jair-bolsonaro-em-sao-paulo-alegando-campanha-antecipada","status":"publish","type":"post","link":"https:\/\/blogdorogeriogomes.com.br\/noticias\/2022\/04\/pt-aciona-tse-contra-motociata-promovida-por-jair-bolsonaro-em-sao-paulo-alegando-campanha-antecipada\/","title":{"rendered":"PT aciona TSE contra motociata promovida por Jair Bolsonaro em S\u00e3o Paulo alegando campanha antecipada"},"content":{"rendered":"\n<p>O PT acionou o Tribunal Superior Eleitoral (TSE) contra o presidente Jair Bolsonaro (PL) ao alegar que a &#8220;motociata&#8221;, promovida na \u00faltima sexta-feira, dia 15 de abril, em S\u00e3o Paulo, configurou campanha eleitoral antecipada. &#8220;Esses atos promovidos, e duvidosamente intitulados de &#8216;Acelera para Cristo&#8217;, resultaram posteriormente na realiza\u00e7\u00e3o de um verdadeiro com\u00edcio com pedido de votos e ataques ao sistema eleitoral&#8221;, afirmou o partido na representa\u00e7\u00e3o ao TSE.<\/p>\n\n\n\n<p>No fim de semana, Bolsonaro voltou a criticar o acordo firmado entre o TSE (Tribunal Superior Eleitoral) e o aplicativo de mensagens Whatsapp para barrar desinforma\u00e7\u00e3o nas elei\u00e7\u00f5es deste ano. A plataforma de troca de mensagens e o TSE firmaram em fevereiro deste ano um memorando de entendimento com objetivo de combater a desinforma\u00e7\u00e3o e as informa\u00e7\u00f5es falsas nas elei\u00e7\u00f5es.<\/p>\n\n\n\n<figure class=\"wp-block-image size-full\"><img loading=\"lazy\" decoding=\"async\" width=\"818\" height=\"459\" src=\"https:\/\/blogdorogeriogomes.com.br\/wp-content\/uploads\/2022\/04\/1_bolsonaro_motociata_sao_paulo_foto_filipe_araujo_afp-18560235.jpg\" alt=\"\" class=\"wp-image-25065\" srcset=\"https:\/\/blogdorogeriogomes.com.br\/noticias\/wp-content\/uploads\/2022\/04\/1_bolsonaro_motociata_sao_paulo_foto_filipe_araujo_afp-18560235.jpg 818w, https:\/\/blogdorogeriogomes.com.br\/noticias\/wp-content\/uploads\/2022\/04\/1_bolsonaro_motociata_sao_paulo_foto_filipe_araujo_afp-18560235-300x168.jpg 300w, https:\/\/blogdorogeriogomes.com.br\/noticias\/wp-content\/uploads\/2022\/04\/1_bolsonaro_motociata_sao_paulo_foto_filipe_araujo_afp-18560235-768x431.jpg 768w, https:\/\/blogdorogeriogomes.com.br\/noticias\/wp-content\/uploads\/2022\/04\/1_bolsonaro_motociata_sao_paulo_foto_filipe_araujo_afp-18560235-800x449.jpg 800w\" sizes=\"auto, (max-width: 818px) 100vw, 818px\" \/><\/figure>\n\n\n\n<p><br><br><\/p>\n","protected":false},"excerpt":{"rendered":"<p>O PT acionou o Tribunal Superior Eleitoral (TSE) contra o presidente Jair Bolsonaro (PL) ao alegar que a &#8220;motociata&#8221;, promovida na \u00faltima sexta-feira, dia 15 de abril, em S\u00e3o Paulo, configurou campanha eleitoral antecipada. &#8220;Esses atos promovidos, e duvidosamente intitulados de &#8216;Acelera para Cristo&#8217;, resultaram posteriormente na realiza\u00e7\u00e3o de um verdadeiro com\u00edcio com pedido de votos e ataques ao sistema eleitoral&#8221;, afirmou o partido na representa\u00e7\u00e3o ao TSE. No fim de semana, Bolsonaro voltou a criticar o acordo firmado&hellip;<\/p>\n","protected":false},"author":1,"featured_media":25065,"comment_status":"open","ping_status":"open","sticky":false,"template":"","format":"standard","meta":{"footnotes":""},"categories":[1],"tags":[],"class_list":["post-25064","post","type-post","status-publish","format-standard","has-post-thumbnail","hentry","category-noticias"],"_links":{"self":[{"href":"https:\/\/blogdorogeriogomes.com.br\/noticias\/wp-json\/wp\/v2\/posts\/25064","targetHints":{"allow":["GET"]}}],"collection":[{"href":"https:\/\/blogdorogeriogomes.com.br\/noticias\/wp-json\/wp\/v2\/posts"}],"about":[{"href":"https:\/\/blogdorogeriogomes.com.br\/noticias\/wp-json\/wp\/v2\/types\/post"}],"author":[{"embeddable":true,"href":"https:\/\/blogdorogeriogomes.com.br\/noticias\/wp-json\/wp\/v2\/users\/1"}],"replies":[{"embeddable":true,"href":"https:\/\/blogdorogeriogomes.com.br\/noticias\/wp-json\/wp\/v2\/comments?post=25064"}],"version-history":[{"count":1,"href":"https:\/\/blogdorogeriogomes.com.br\/noticias\/wp-json\/wp\/v2\/posts\/25064\/revisions"}],"predecessor-version":[{"id":25066,"href":"https:\/\/blogdorogeriogomes.com.br\/noticias\/wp-json\/wp\/v2\/posts\/25064\/revisions\/25066"}],"wp:featuredmedia":[{"embeddable":true,"href":"https:\/\/blogdorogeriogomes.com.br\/noticias\/wp-json\/wp\/v2\/media\/25065"}],"wp:attachment":[{"href":"https:\/\/blogdorogeriogomes.com.br\/noticias\/wp-json\/wp\/v2\/media?parent=25064"}],"wp:term":[{"taxonomy":"category","embeddable":true,"href":"https:\/\/blogdorogeriogomes.com.br\/noticias\/wp-json\/wp\/v2\/categories?post=25064"},{"taxonomy":"post_tag","embeddable":true,"href":"https:\/\/blogdorogeriogomes.com.br\/noticias\/wp-json\/wp\/v2\/tags?post=25064"}],"curies":[{"name":"wp","href":"https:\/\/api.w.org\/{rel}","templated":true}]}}