{"id":25075,"date":"2022-04-18T23:23:29","date_gmt":"2022-04-18T23:23:29","guid":{"rendered":"https:\/\/blogdorogeriogomes.com.br\/?p=25075"},"modified":"2022-04-22T15:08:36","modified_gmt":"2022-04-22T15:08:36","slug":"jose-sarto-reunira-secretariado-municipal-com-palestra-de-camilo-santana-sobre-gestao-publica","status":"publish","type":"post","link":"https:\/\/blogdorogeriogomes.com.br\/noticias\/2022\/04\/jose-sarto-reunira-secretariado-municipal-com-palestra-de-camilo-santana-sobre-gestao-publica\/","title":{"rendered":"Jos\u00e9 Sarto reunir\u00e1 secretariado municipal com palestra de Camilo Santana sobre gest\u00e3o p\u00fablica"},"content":{"rendered":"\n<p>A Prefeitura de Fortaleza realiza, nesta quarta-feira, dia 20 de abril, \u00e0s 9 horas, uma reuni\u00e3o de secretariado municipal, no Cuca Pici. No evento, ser\u00e3o discutidos balan\u00e7os e resultados de pol\u00edticas p\u00fablicas da atual gest\u00e3o, cumprimento do plano de governo, al\u00e9m do acompanhamento de novos projetos. <\/p>\n\n\n\n<p>Ser\u00e1 uma oportunidade para o prefeito Jos\u00e9 Sarro fazer uma cobran\u00e7a sobre resultados e tamb\u00e9m avaliar o cumprimento no cronograma de obras e projetos.<\/p>\n\n\n\n<p>A novidade no encontro com os secret\u00e1rios ser\u00e1 a presen\u00e7a do ex-governador do Cear\u00e1, Camilo Santana, que dar\u00e1 uma palestra sobre gest\u00e3o p\u00fablica. Camilo vai falar tamb\u00e9m dos desafios enfrentados nos seus dois mandatos \u00e0 frente do Governo do Estado.<\/p>\n\n\n\n<figure class=\"wp-block-image size-full\"><img loading=\"lazy\" decoding=\"async\" width=\"678\" height=\"452\" src=\"https:\/\/blogdorogeriogomes.com.br\/wp-content\/uploads\/2022\/04\/images-19.jpeg\" alt=\"\" class=\"wp-image-25076\" srcset=\"https:\/\/blogdorogeriogomes.com.br\/noticias\/wp-content\/uploads\/2022\/04\/images-19.jpeg 678w, https:\/\/blogdorogeriogomes.com.br\/noticias\/wp-content\/uploads\/2022\/04\/images-19-300x200.jpeg 300w\" sizes=\"auto, (max-width: 678px) 100vw, 678px\" \/><\/figure>\n","protected":false},"excerpt":{"rendered":"<p>A Prefeitura de Fortaleza realiza, nesta quarta-feira, dia 20 de abril, \u00e0s 9 horas, uma reuni\u00e3o de secretariado municipal, no Cuca Pici. No evento, ser\u00e3o discutidos balan\u00e7os e resultados de pol\u00edticas p\u00fablicas da atual gest\u00e3o, cumprimento do plano de governo, al\u00e9m do acompanhamento de novos projetos. Ser\u00e1 uma oportunidade para o prefeito Jos\u00e9 Sarro fazer uma cobran\u00e7a sobre resultados e tamb\u00e9m avaliar o cumprimento no cronograma de obras e projetos. A novidade no encontro com os secret\u00e1rios ser\u00e1 a&hellip;<\/p>\n","protected":false},"author":1,"featured_media":25076,"comment_status":"open","ping_status":"open","sticky":false,"template":"","format":"standard","meta":{"footnotes":""},"categories":[1],"tags":[],"class_list":["post-25075","post","type-post","status-publish","format-standard","has-post-thumbnail","hentry","category-noticias"],"_links":{"self":[{"href":"https:\/\/blogdorogeriogomes.com.br\/noticias\/wp-json\/wp\/v2\/posts\/25075","targetHints":{"allow":["GET"]}}],"collection":[{"href":"https:\/\/blogdorogeriogomes.com.br\/noticias\/wp-json\/wp\/v2\/posts"}],"about":[{"href":"https:\/\/blogdorogeriogomes.com.br\/noticias\/wp-json\/wp\/v2\/types\/post"}],"author":[{"embeddable":true,"href":"https:\/\/blogdorogeriogomes.com.br\/noticias\/wp-json\/wp\/v2\/users\/1"}],"replies":[{"embeddable":true,"href":"https:\/\/blogdorogeriogomes.com.br\/noticias\/wp-json\/wp\/v2\/comments?post=25075"}],"version-history":[{"count":1,"href":"https:\/\/blogdorogeriogomes.com.br\/noticias\/wp-json\/wp\/v2\/posts\/25075\/revisions"}],"predecessor-version":[{"id":25077,"href":"https:\/\/blogdorogeriogomes.com.br\/noticias\/wp-json\/wp\/v2\/posts\/25075\/revisions\/25077"}],"wp:featuredmedia":[{"embeddable":true,"href":"https:\/\/blogdorogeriogomes.com.br\/noticias\/wp-json\/wp\/v2\/media\/25076"}],"wp:attachment":[{"href":"https:\/\/blogdorogeriogomes.com.br\/noticias\/wp-json\/wp\/v2\/media?parent=25075"}],"wp:term":[{"taxonomy":"category","embeddable":true,"href":"https:\/\/blogdorogeriogomes.com.br\/noticias\/wp-json\/wp\/v2\/categories?post=25075"},{"taxonomy":"post_tag","embeddable":true,"href":"https:\/\/blogdorogeriogomes.com.br\/noticias\/wp-json\/wp\/v2\/tags?post=25075"}],"curies":[{"name":"wp","href":"https:\/\/api.w.org\/{rel}","templated":true}]}}