{"id":25078,"date":"2022-04-19T10:32:34","date_gmt":"2022-04-19T10:32:34","guid":{"rendered":"https:\/\/blogdorogeriogomes.com.br\/?p=25078"},"modified":"2022-04-22T15:08:28","modified_gmt":"2022-04-22T15:08:28","slug":"governo-do-ceara-vai-capacitar-estudantes-da-rede-publica-para-atuar-no-mercado-de-novas-tecnologias","status":"publish","type":"post","link":"https:\/\/blogdorogeriogomes.com.br\/noticias\/2022\/04\/governo-do-ceara-vai-capacitar-estudantes-da-rede-publica-para-atuar-no-mercado-de-novas-tecnologias\/","title":{"rendered":"Governo do Cear\u00e1 vai capacitar estudantes da rede p\u00fablica para atuar no mercado de novas tecnologias"},"content":{"rendered":"\n<p>O Governo do Cear\u00e1 lan\u00e7ou, nesta segunda-feira, dia 18 de abril, o Projeto C-Jovem. A iniciativa alcan\u00e7ar\u00e1 todo o estado, com meta de capacita\u00e7\u00e3o de 100 mil estudantes em at\u00e9 cinco anos no desenvolvimento de tecnologias, como Infraestrutura 5G, Desenvolvimento Android e Nuvem. O evento teve a participa\u00e7\u00e3o da governadora Izolda Cela, de dirigentes das secretarias estaduais envolvidas, de representantes de institui\u00e7\u00f5es de ensino superior cearenses e de empresas parceiras. <\/p>\n\n\n\n<p>A a\u00e7\u00e3o nasce diante da necessidade de profissionais para o setor de Tecnologia da Informa\u00e7\u00e3o e Comunica\u00e7\u00e3o (TIC) no Brasil e tamb\u00e9m frente aos entendimentos com o setor para o desenvolvimento do Cear\u00e1.<\/p>\n\n\n\n<p>O projeto-piloto que inicia a implanta\u00e7\u00e3o do C-Jovem na rede p\u00fablica estadual de ensino capacitou mais de 200 professores, que agora repassam conhecimentos a 4.358 alunos dos cursos t\u00e9cnicos em Rede de Computadores e em Inform\u00e1tica de 109 Escolas Estaduais de Educa\u00e7\u00e3o Profissional.&nbsp;<\/p>\n\n\n\n<figure class=\"wp-block-image size-large\"><img loading=\"lazy\" decoding=\"async\" width=\"1024\" height=\"683\" src=\"https:\/\/blogdorogeriogomes.com.br\/wp-content\/uploads\/2022\/04\/220418_CJOVEM_TF_4849-1200x800-1-1024x683.jpg\" alt=\"\" class=\"wp-image-25079\" srcset=\"https:\/\/blogdorogeriogomes.com.br\/noticias\/wp-content\/uploads\/2022\/04\/220418_CJOVEM_TF_4849-1200x800-1-1024x683.jpg 1024w, https:\/\/blogdorogeriogomes.com.br\/noticias\/wp-content\/uploads\/2022\/04\/220418_CJOVEM_TF_4849-1200x800-1-300x200.jpg 300w, https:\/\/blogdorogeriogomes.com.br\/noticias\/wp-content\/uploads\/2022\/04\/220418_CJOVEM_TF_4849-1200x800-1-768x512.jpg 768w, https:\/\/blogdorogeriogomes.com.br\/noticias\/wp-content\/uploads\/2022\/04\/220418_CJOVEM_TF_4849-1200x800-1-800x533.jpg 800w, https:\/\/blogdorogeriogomes.com.br\/noticias\/wp-content\/uploads\/2022\/04\/220418_CJOVEM_TF_4849-1200x800-1.jpg 1200w\" sizes=\"auto, (max-width: 1024px) 100vw, 1024px\" \/><\/figure>\n","protected":false},"excerpt":{"rendered":"<p>O Governo do Cear\u00e1 lan\u00e7ou, nesta segunda-feira, dia 18 de abril, o Projeto C-Jovem. A iniciativa alcan\u00e7ar\u00e1 todo o estado, com meta de capacita\u00e7\u00e3o de 100 mil estudantes em at\u00e9 cinco anos no desenvolvimento de tecnologias, como Infraestrutura 5G, Desenvolvimento Android e Nuvem. O evento teve a participa\u00e7\u00e3o da governadora Izolda Cela, de dirigentes das secretarias estaduais envolvidas, de representantes de institui\u00e7\u00f5es de ensino superior cearenses e de empresas parceiras. A a\u00e7\u00e3o nasce diante da necessidade de profissionais para&hellip;<\/p>\n","protected":false},"author":1,"featured_media":25079,"comment_status":"open","ping_status":"open","sticky":false,"template":"","format":"standard","meta":{"footnotes":""},"categories":[1],"tags":[],"class_list":["post-25078","post","type-post","status-publish","format-standard","has-post-thumbnail","hentry","category-noticias"],"_links":{"self":[{"href":"https:\/\/blogdorogeriogomes.com.br\/noticias\/wp-json\/wp\/v2\/posts\/25078","targetHints":{"allow":["GET"]}}],"collection":[{"href":"https:\/\/blogdorogeriogomes.com.br\/noticias\/wp-json\/wp\/v2\/posts"}],"about":[{"href":"https:\/\/blogdorogeriogomes.com.br\/noticias\/wp-json\/wp\/v2\/types\/post"}],"author":[{"embeddable":true,"href":"https:\/\/blogdorogeriogomes.com.br\/noticias\/wp-json\/wp\/v2\/users\/1"}],"replies":[{"embeddable":true,"href":"https:\/\/blogdorogeriogomes.com.br\/noticias\/wp-json\/wp\/v2\/comments?post=25078"}],"version-history":[{"count":2,"href":"https:\/\/blogdorogeriogomes.com.br\/noticias\/wp-json\/wp\/v2\/posts\/25078\/revisions"}],"predecessor-version":[{"id":25121,"href":"https:\/\/blogdorogeriogomes.com.br\/noticias\/wp-json\/wp\/v2\/posts\/25078\/revisions\/25121"}],"wp:featuredmedia":[{"embeddable":true,"href":"https:\/\/blogdorogeriogomes.com.br\/noticias\/wp-json\/wp\/v2\/media\/25079"}],"wp:attachment":[{"href":"https:\/\/blogdorogeriogomes.com.br\/noticias\/wp-json\/wp\/v2\/media?parent=25078"}],"wp:term":[{"taxonomy":"category","embeddable":true,"href":"https:\/\/blogdorogeriogomes.com.br\/noticias\/wp-json\/wp\/v2\/categories?post=25078"},{"taxonomy":"post_tag","embeddable":true,"href":"https:\/\/blogdorogeriogomes.com.br\/noticias\/wp-json\/wp\/v2\/tags?post=25078"}],"curies":[{"name":"wp","href":"https:\/\/api.w.org\/{rel}","templated":true}]}}