{"id":25081,"date":"2022-04-19T11:12:51","date_gmt":"2022-04-19T11:12:51","guid":{"rendered":"https:\/\/blogdorogeriogomes.com.br\/?p=25081"},"modified":"2022-04-22T15:08:18","modified_gmt":"2022-04-22T15:08:18","slug":"roberto-claudio-faz-contatos-politicos-no-cariri-em-busca-de-viabilizar-candidatura-ao-governo-estadual","status":"publish","type":"post","link":"https:\/\/blogdorogeriogomes.com.br\/noticias\/2022\/04\/roberto-claudio-faz-contatos-politicos-no-cariri-em-busca-de-viabilizar-candidatura-ao-governo-estadual\/","title":{"rendered":"Roberto Cl\u00e1udio faz contatos pol\u00edticos no Cariri em busca de viabilizar candidatura ao Governo Estadual"},"content":{"rendered":"\n<p>O ex-prefeito de Fortaleza, Roberto Cl\u00e1udio (PDT), faz contatos pol\u00edticos na Regi\u00e3o do Cariri em busca de viabilizar sua candidatura ao Governo do Cear\u00e1 nas elei\u00e7\u00f5es de outubro.  Nesta segunda-feira, dia 18 de abril, ele ministrou uma palestra sobre gest\u00e3o p\u00fablica na Unip de Juazeiro do Norte. &#8220;Uma troca de conhecimento super produtiva entre os alunos e gestores da unidade&#8221;, disse. O encontro teve a participa\u00e7\u00e3o de v\u00e1rias lideran\u00e7as pol\u00edticas da regi\u00e3o como o ex-prefeito de Juazeiro do Norte, Arnon Bezerra.<\/p>\n\n\n\n<p>Roberto Cl\u00e1udio disputa a indica\u00e7\u00e3o para ser o candidato governista para concorrer em outubro com a atual governadora Izolda Cela (PDT), deputado federal Mauro Filho (PDT) e o presidente da Assembleia Legislativa do Cear\u00e1, Evandro Leit\u00e3o (PDT). A defini\u00e7\u00e3o do nome s\u00f3 deve ocorrer no fim de junho. As conven\u00e7\u00f5es partid\u00e1rias, que confirmam as candidaturas est\u00e3o previstas para o fim de julho.<\/p>\n\n\n\n<figure class=\"wp-block-image size-large\"><img loading=\"lazy\" decoding=\"async\" width=\"1024\" height=\"775\" src=\"https:\/\/blogdorogeriogomes.com.br\/wp-content\/uploads\/2022\/04\/IMG-20220419-WA0024-1024x775.jpg\" alt=\"\" class=\"wp-image-25082\" srcset=\"https:\/\/blogdorogeriogomes.com.br\/noticias\/wp-content\/uploads\/2022\/04\/IMG-20220419-WA0024-1024x775.jpg 1024w, https:\/\/blogdorogeriogomes.com.br\/noticias\/wp-content\/uploads\/2022\/04\/IMG-20220419-WA0024-300x227.jpg 300w, https:\/\/blogdorogeriogomes.com.br\/noticias\/wp-content\/uploads\/2022\/04\/IMG-20220419-WA0024-768x581.jpg 768w, https:\/\/blogdorogeriogomes.com.br\/noticias\/wp-content\/uploads\/2022\/04\/IMG-20220419-WA0024-800x605.jpg 800w, https:\/\/blogdorogeriogomes.com.br\/noticias\/wp-content\/uploads\/2022\/04\/IMG-20220419-WA0024.jpg 1080w\" sizes=\"auto, (max-width: 1024px) 100vw, 1024px\" \/><\/figure>\n","protected":false},"excerpt":{"rendered":"<p>O ex-prefeito de Fortaleza, Roberto Cl\u00e1udio (PDT), faz contatos pol\u00edticos na Regi\u00e3o do Cariri em busca de viabilizar sua candidatura ao Governo do Cear\u00e1 nas elei\u00e7\u00f5es de outubro. Nesta segunda-feira, dia 18 de abril, ele ministrou uma palestra sobre gest\u00e3o p\u00fablica na Unip de Juazeiro do Norte. &#8220;Uma troca de conhecimento super produtiva entre os alunos e gestores da unidade&#8221;, disse. O encontro teve a participa\u00e7\u00e3o de v\u00e1rias lideran\u00e7as pol\u00edticas da regi\u00e3o como o ex-prefeito de Juazeiro do Norte,&hellip;<\/p>\n","protected":false},"author":1,"featured_media":25082,"comment_status":"open","ping_status":"open","sticky":false,"template":"","format":"standard","meta":{"footnotes":""},"categories":[1],"tags":[],"class_list":["post-25081","post","type-post","status-publish","format-standard","has-post-thumbnail","hentry","category-noticias"],"_links":{"self":[{"href":"https:\/\/blogdorogeriogomes.com.br\/noticias\/wp-json\/wp\/v2\/posts\/25081","targetHints":{"allow":["GET"]}}],"collection":[{"href":"https:\/\/blogdorogeriogomes.com.br\/noticias\/wp-json\/wp\/v2\/posts"}],"about":[{"href":"https:\/\/blogdorogeriogomes.com.br\/noticias\/wp-json\/wp\/v2\/types\/post"}],"author":[{"embeddable":true,"href":"https:\/\/blogdorogeriogomes.com.br\/noticias\/wp-json\/wp\/v2\/users\/1"}],"replies":[{"embeddable":true,"href":"https:\/\/blogdorogeriogomes.com.br\/noticias\/wp-json\/wp\/v2\/comments?post=25081"}],"version-history":[{"count":1,"href":"https:\/\/blogdorogeriogomes.com.br\/noticias\/wp-json\/wp\/v2\/posts\/25081\/revisions"}],"predecessor-version":[{"id":25083,"href":"https:\/\/blogdorogeriogomes.com.br\/noticias\/wp-json\/wp\/v2\/posts\/25081\/revisions\/25083"}],"wp:featuredmedia":[{"embeddable":true,"href":"https:\/\/blogdorogeriogomes.com.br\/noticias\/wp-json\/wp\/v2\/media\/25082"}],"wp:attachment":[{"href":"https:\/\/blogdorogeriogomes.com.br\/noticias\/wp-json\/wp\/v2\/media?parent=25081"}],"wp:term":[{"taxonomy":"category","embeddable":true,"href":"https:\/\/blogdorogeriogomes.com.br\/noticias\/wp-json\/wp\/v2\/categories?post=25081"},{"taxonomy":"post_tag","embeddable":true,"href":"https:\/\/blogdorogeriogomes.com.br\/noticias\/wp-json\/wp\/v2\/tags?post=25081"}],"curies":[{"name":"wp","href":"https:\/\/api.w.org\/{rel}","templated":true}]}}