{"id":25084,"date":"2022-04-19T18:52:40","date_gmt":"2022-04-19T18:52:40","guid":{"rendered":"https:\/\/blogdorogeriogomes.com.br\/?p=25084"},"modified":"2022-04-22T15:08:09","modified_gmt":"2022-04-22T15:08:09","slug":"solidariedade-declara-apoio-a-chapa-lula-alckmin-para-disputa-presidencial","status":"publish","type":"post","link":"https:\/\/blogdorogeriogomes.com.br\/noticias\/2022\/04\/solidariedade-declara-apoio-a-chapa-lula-alckmin-para-disputa-presidencial\/","title":{"rendered":"Solidariedade declara apoio \u00e0 chapa Lula\/Alckmin para disputa presidencial"},"content":{"rendered":"\n<p>O presidente do Solidariedade, Paulinho da For\u00e7a, confirmou o compromisso do partido em apoiar a chapa formada pelo ex-presidente Lula e o ex-governador de S\u00e3o Paulo, Geraldo Alckmin (PSB), \u00e0 Presid\u00eancia da Rep\u00fablica, em outubro. <\/p>\n\n\n\n<p>Ap\u00f3s reuni\u00e3o com Lula e a presidente nacional do PT, Gleisi Hoffmann, Paulinho disse que o acordo ser\u00e1 selado oficialmente em um evento da executiva nacional do Solidariedade no dia 3 de maio. O partido tamb\u00e9m participar\u00e1 do lan\u00e7amento da candidatura de Lula, no pr\u00f3ximo dia 7 do mesmo m\u00eas. Paulinho defende a amplia\u00e7\u00e3o de alian\u00e7as at\u00e9 \u00e0s elei\u00e7\u00f5es.<br><\/p>\n\n\n\n<figure class=\"wp-block-image size-full\"><img loading=\"lazy\" decoding=\"async\" width=\"450\" height=\"337\" src=\"https:\/\/blogdorogeriogomes.com.br\/wp-content\/uploads\/2022\/04\/a-presidente-do-pt-gleisi-hoffmann-o-presidente-do-solidariedade-paulinho-da-forca-e-o-ex-presidente-luiz-inacio-lula-da-silva-1650383254966_v2_450x337.jpg.webp\" alt=\"\" class=\"wp-image-25085\" srcset=\"https:\/\/blogdorogeriogomes.com.br\/noticias\/wp-content\/uploads\/2022\/04\/a-presidente-do-pt-gleisi-hoffmann-o-presidente-do-solidariedade-paulinho-da-forca-e-o-ex-presidente-luiz-inacio-lula-da-silva-1650383254966_v2_450x337.jpg.webp 450w, https:\/\/blogdorogeriogomes.com.br\/noticias\/wp-content\/uploads\/2022\/04\/a-presidente-do-pt-gleisi-hoffmann-o-presidente-do-solidariedade-paulinho-da-forca-e-o-ex-presidente-luiz-inacio-lula-da-silva-1650383254966_v2_450x337.jpg-300x225.webp 300w, https:\/\/blogdorogeriogomes.com.br\/noticias\/wp-content\/uploads\/2022\/04\/a-presidente-do-pt-gleisi-hoffmann-o-presidente-do-solidariedade-paulinho-da-forca-e-o-ex-presidente-luiz-inacio-lula-da-silva-1650383254966_v2_450x337.jpg-400x300.webp 400w\" sizes=\"auto, (max-width: 450px) 100vw, 450px\" \/><\/figure>\n","protected":false},"excerpt":{"rendered":"<p>O presidente do Solidariedade, Paulinho da For\u00e7a, confirmou o compromisso do partido em apoiar a chapa formada pelo ex-presidente Lula e o ex-governador de S\u00e3o Paulo, Geraldo Alckmin (PSB), \u00e0 Presid\u00eancia da Rep\u00fablica, em outubro. Ap\u00f3s reuni\u00e3o com Lula e a presidente nacional do PT, Gleisi Hoffmann, Paulinho disse que o acordo ser\u00e1 selado oficialmente em um evento da executiva nacional do Solidariedade no dia 3 de maio. O partido tamb\u00e9m participar\u00e1 do lan\u00e7amento da candidatura de Lula, no&hellip;<\/p>\n","protected":false},"author":1,"featured_media":25085,"comment_status":"open","ping_status":"open","sticky":false,"template":"","format":"standard","meta":{"footnotes":""},"categories":[1],"tags":[],"class_list":["post-25084","post","type-post","status-publish","format-standard","has-post-thumbnail","hentry","category-noticias"],"_links":{"self":[{"href":"https:\/\/blogdorogeriogomes.com.br\/noticias\/wp-json\/wp\/v2\/posts\/25084","targetHints":{"allow":["GET"]}}],"collection":[{"href":"https:\/\/blogdorogeriogomes.com.br\/noticias\/wp-json\/wp\/v2\/posts"}],"about":[{"href":"https:\/\/blogdorogeriogomes.com.br\/noticias\/wp-json\/wp\/v2\/types\/post"}],"author":[{"embeddable":true,"href":"https:\/\/blogdorogeriogomes.com.br\/noticias\/wp-json\/wp\/v2\/users\/1"}],"replies":[{"embeddable":true,"href":"https:\/\/blogdorogeriogomes.com.br\/noticias\/wp-json\/wp\/v2\/comments?post=25084"}],"version-history":[{"count":1,"href":"https:\/\/blogdorogeriogomes.com.br\/noticias\/wp-json\/wp\/v2\/posts\/25084\/revisions"}],"predecessor-version":[{"id":25086,"href":"https:\/\/blogdorogeriogomes.com.br\/noticias\/wp-json\/wp\/v2\/posts\/25084\/revisions\/25086"}],"wp:featuredmedia":[{"embeddable":true,"href":"https:\/\/blogdorogeriogomes.com.br\/noticias\/wp-json\/wp\/v2\/media\/25085"}],"wp:attachment":[{"href":"https:\/\/blogdorogeriogomes.com.br\/noticias\/wp-json\/wp\/v2\/media?parent=25084"}],"wp:term":[{"taxonomy":"category","embeddable":true,"href":"https:\/\/blogdorogeriogomes.com.br\/noticias\/wp-json\/wp\/v2\/categories?post=25084"},{"taxonomy":"post_tag","embeddable":true,"href":"https:\/\/blogdorogeriogomes.com.br\/noticias\/wp-json\/wp\/v2\/tags?post=25084"}],"curies":[{"name":"wp","href":"https:\/\/api.w.org\/{rel}","templated":true}]}}