{"id":25087,"date":"2022-04-19T22:12:48","date_gmt":"2022-04-19T22:12:48","guid":{"rendered":"https:\/\/blogdorogeriogomes.com.br\/?p=25087"},"modified":"2022-04-22T15:07:58","modified_gmt":"2022-04-22T15:07:58","slug":"conta-da-energia-eletrica-aumenta-quase-25-em-media-no-ceara-a-partir-de-sexta-feira-dia-22","status":"publish","type":"post","link":"https:\/\/blogdorogeriogomes.com.br\/noticias\/2022\/04\/conta-da-energia-eletrica-aumenta-quase-25-em-media-no-ceara-a-partir-de-sexta-feira-dia-22\/","title":{"rendered":"Conta da energia el\u00e9trica aumenta quase 25% em m\u00e9dia no Cear\u00e1 a partir de sexta-feira, dia 22"},"content":{"rendered":"\n<p>Mais um aumento para assustar o bolso do consumidor. A Ag\u00eancia Nacional de Energia El\u00e9trica (Aneel) aprovou o reajuste tarif\u00e1rio anual da&nbsp;Enel Distribui\u00e7\u00e3o Cear\u00e1. Com isso, a conta de energia no estado vai subir 24,88%, em m\u00e9dia, a partir de sexta-feira, dia 22 de abril. <\/p>\n\n\n\n<p>Diante do reajuste, a Enel divulga&nbsp;condi\u00e7\u00f5es facilitadas para pagamento,&nbsp;com parcelamento&nbsp;no cart\u00e3o de cr\u00e9dito em at\u00e9 24 vezes da conta de luz. Para clientes que estejam com d\u00e9bitos em aberto com a distribuidora, o pagamento pode ser em at\u00e9 10 vezes.<\/p>\n\n\n\n<p>O reajuste tarif\u00e1rio anual atualiza o valor da energia paga pelo consumidor, anualmente, com base em f\u00f3rmula prevista no contrato de concess\u00e3o. Os reajustes acontecem em datas determinadas pelo Contrato de Concess\u00e3o.<\/p>\n\n\n\n<figure class=\"wp-block-image size-full\"><img loading=\"lazy\" decoding=\"async\" width=\"640\" height=\"480\" src=\"https:\/\/blogdorogeriogomes.com.br\/wp-content\/uploads\/2022\/04\/images-20.jpeg\" alt=\"\" class=\"wp-image-25088\" srcset=\"https:\/\/blogdorogeriogomes.com.br\/noticias\/wp-content\/uploads\/2022\/04\/images-20.jpeg 640w, https:\/\/blogdorogeriogomes.com.br\/noticias\/wp-content\/uploads\/2022\/04\/images-20-300x225.jpeg 300w, https:\/\/blogdorogeriogomes.com.br\/noticias\/wp-content\/uploads\/2022\/04\/images-20-400x300.jpeg 400w\" sizes=\"auto, (max-width: 640px) 100vw, 640px\" \/><\/figure>\n","protected":false},"excerpt":{"rendered":"<p>Mais um aumento para assustar o bolso do consumidor. A Ag\u00eancia Nacional de Energia El\u00e9trica (Aneel) aprovou o reajuste tarif\u00e1rio anual da&nbsp;Enel Distribui\u00e7\u00e3o Cear\u00e1. Com isso, a conta de energia no estado vai subir 24,88%, em m\u00e9dia, a partir de sexta-feira, dia 22 de abril. Diante do reajuste, a Enel divulga&nbsp;condi\u00e7\u00f5es facilitadas para pagamento,&nbsp;com parcelamento&nbsp;no cart\u00e3o de cr\u00e9dito em at\u00e9 24 vezes da conta de luz. Para clientes que estejam com d\u00e9bitos em aberto com a distribuidora, o pagamento&hellip;<\/p>\n","protected":false},"author":1,"featured_media":25088,"comment_status":"open","ping_status":"open","sticky":false,"template":"","format":"standard","meta":{"footnotes":""},"categories":[1],"tags":[],"class_list":["post-25087","post","type-post","status-publish","format-standard","has-post-thumbnail","hentry","category-noticias"],"_links":{"self":[{"href":"https:\/\/blogdorogeriogomes.com.br\/noticias\/wp-json\/wp\/v2\/posts\/25087","targetHints":{"allow":["GET"]}}],"collection":[{"href":"https:\/\/blogdorogeriogomes.com.br\/noticias\/wp-json\/wp\/v2\/posts"}],"about":[{"href":"https:\/\/blogdorogeriogomes.com.br\/noticias\/wp-json\/wp\/v2\/types\/post"}],"author":[{"embeddable":true,"href":"https:\/\/blogdorogeriogomes.com.br\/noticias\/wp-json\/wp\/v2\/users\/1"}],"replies":[{"embeddable":true,"href":"https:\/\/blogdorogeriogomes.com.br\/noticias\/wp-json\/wp\/v2\/comments?post=25087"}],"version-history":[{"count":2,"href":"https:\/\/blogdorogeriogomes.com.br\/noticias\/wp-json\/wp\/v2\/posts\/25087\/revisions"}],"predecessor-version":[{"id":25120,"href":"https:\/\/blogdorogeriogomes.com.br\/noticias\/wp-json\/wp\/v2\/posts\/25087\/revisions\/25120"}],"wp:featuredmedia":[{"embeddable":true,"href":"https:\/\/blogdorogeriogomes.com.br\/noticias\/wp-json\/wp\/v2\/media\/25088"}],"wp:attachment":[{"href":"https:\/\/blogdorogeriogomes.com.br\/noticias\/wp-json\/wp\/v2\/media?parent=25087"}],"wp:term":[{"taxonomy":"category","embeddable":true,"href":"https:\/\/blogdorogeriogomes.com.br\/noticias\/wp-json\/wp\/v2\/categories?post=25087"},{"taxonomy":"post_tag","embeddable":true,"href":"https:\/\/blogdorogeriogomes.com.br\/noticias\/wp-json\/wp\/v2\/tags?post=25087"}],"curies":[{"name":"wp","href":"https:\/\/api.w.org\/{rel}","templated":true}]}}