{"id":25093,"date":"2022-04-20T12:38:04","date_gmt":"2022-04-20T12:38:04","guid":{"rendered":"https:\/\/blogdorogeriogomes.com.br\/?p=25093"},"modified":"2022-04-22T15:07:35","modified_gmt":"2022-04-22T15:07:35","slug":"proposta-de-reajuste-linear-de-bolsonaro-desagrada-os-diversos-setores-do-servico-publico-e-tambem-a-pf","status":"publish","type":"post","link":"https:\/\/blogdorogeriogomes.com.br\/noticias\/2022\/04\/proposta-de-reajuste-linear-de-bolsonaro-desagrada-os-diversos-setores-do-servico-publico-e-tambem-a-pf\/","title":{"rendered":"Proposta de reajuste linear de Bolsonaro desagrada os diversos setores do servi\u00e7o p\u00fablico. E tamb\u00e9m a PF"},"content":{"rendered":"\n<p>As diversas categorias do servi\u00e7o p\u00fablico federal est\u00e3o insatisfeitas com a proposta de reajuste linear de 5% feita pela equipe econ\u00f4mica do Governo Bolsonaro. E o n\u00edvel de insatisfa\u00e7\u00e3o \u00e9 ainda maior nas for\u00e7as de seguran\u00e7a, que tinham recebido a promessa do presidente Jair Bolsonaro de um aumento diferenciado.<\/p>\n\n\n\n<p>Classes internas da Pol\u00edcia Federal devem votar uma mobiliza\u00e7\u00e3o permanente como forma de protesto contra a sinaliza\u00e7\u00e3o do governo de que n\u00e3o ir\u00e1 utilizar o R$ 1,7 bilh\u00e3o reservado no Or\u00e7amento para reestruturar as carreiras da seguran\u00e7a. Agentes federais decidiram ficar em estado de prontid\u00e3o e mobiliza\u00e7\u00e3o permanente. No dia 28 de abril est\u00e1 marcada uma manifesta\u00e7\u00e3o em todos os estados para cobrar posicionamento do Governo Federal sobre o percentual de aumento.<\/p>\n\n\n\n<p>E a situa\u00e7\u00e3o se complica para Bolsonaro, porque nem os 5% anunciados estavam previstos no or\u00e7amento para este ano. Ao tentar agradar a maioria do servi\u00e7o p\u00fablico em ano eleitoral, acabou desagradando setores aliados no Governo que s\u00e3o as for\u00e7as de seguran\u00e7a.<br><\/p>\n\n\n\n<figure class=\"wp-block-image size-full\"><img loading=\"lazy\" decoding=\"async\" width=\"1024\" height=\"683\" src=\"https:\/\/blogdorogeriogomes.com.br\/wp-content\/uploads\/2022\/04\/1631568179613fc1330bb06_1631568179_3x2_lg.jpg\" alt=\"\" class=\"wp-image-25094\" srcset=\"https:\/\/blogdorogeriogomes.com.br\/noticias\/wp-content\/uploads\/2022\/04\/1631568179613fc1330bb06_1631568179_3x2_lg.jpg 1024w, https:\/\/blogdorogeriogomes.com.br\/noticias\/wp-content\/uploads\/2022\/04\/1631568179613fc1330bb06_1631568179_3x2_lg-300x200.jpg 300w, https:\/\/blogdorogeriogomes.com.br\/noticias\/wp-content\/uploads\/2022\/04\/1631568179613fc1330bb06_1631568179_3x2_lg-768x512.jpg 768w, https:\/\/blogdorogeriogomes.com.br\/noticias\/wp-content\/uploads\/2022\/04\/1631568179613fc1330bb06_1631568179_3x2_lg-800x534.jpg 800w\" sizes=\"auto, (max-width: 1024px) 100vw, 1024px\" \/><\/figure>\n","protected":false},"excerpt":{"rendered":"<p>As diversas categorias do servi\u00e7o p\u00fablico federal est\u00e3o insatisfeitas com a proposta de reajuste linear de 5% feita pela equipe econ\u00f4mica do Governo Bolsonaro. E o n\u00edvel de insatisfa\u00e7\u00e3o \u00e9 ainda maior nas for\u00e7as de seguran\u00e7a, que tinham recebido a promessa do presidente Jair Bolsonaro de um aumento diferenciado. Classes internas da Pol\u00edcia Federal devem votar uma mobiliza\u00e7\u00e3o permanente como forma de protesto contra a sinaliza\u00e7\u00e3o do governo de que n\u00e3o ir\u00e1 utilizar o R$ 1,7 bilh\u00e3o reservado no&hellip;<\/p>\n","protected":false},"author":1,"featured_media":25094,"comment_status":"open","ping_status":"open","sticky":false,"template":"","format":"standard","meta":{"footnotes":""},"categories":[1],"tags":[],"class_list":["post-25093","post","type-post","status-publish","format-standard","has-post-thumbnail","hentry","category-noticias"],"_links":{"self":[{"href":"https:\/\/blogdorogeriogomes.com.br\/noticias\/wp-json\/wp\/v2\/posts\/25093","targetHints":{"allow":["GET"]}}],"collection":[{"href":"https:\/\/blogdorogeriogomes.com.br\/noticias\/wp-json\/wp\/v2\/posts"}],"about":[{"href":"https:\/\/blogdorogeriogomes.com.br\/noticias\/wp-json\/wp\/v2\/types\/post"}],"author":[{"embeddable":true,"href":"https:\/\/blogdorogeriogomes.com.br\/noticias\/wp-json\/wp\/v2\/users\/1"}],"replies":[{"embeddable":true,"href":"https:\/\/blogdorogeriogomes.com.br\/noticias\/wp-json\/wp\/v2\/comments?post=25093"}],"version-history":[{"count":1,"href":"https:\/\/blogdorogeriogomes.com.br\/noticias\/wp-json\/wp\/v2\/posts\/25093\/revisions"}],"predecessor-version":[{"id":25095,"href":"https:\/\/blogdorogeriogomes.com.br\/noticias\/wp-json\/wp\/v2\/posts\/25093\/revisions\/25095"}],"wp:featuredmedia":[{"embeddable":true,"href":"https:\/\/blogdorogeriogomes.com.br\/noticias\/wp-json\/wp\/v2\/media\/25094"}],"wp:attachment":[{"href":"https:\/\/blogdorogeriogomes.com.br\/noticias\/wp-json\/wp\/v2\/media?parent=25093"}],"wp:term":[{"taxonomy":"category","embeddable":true,"href":"https:\/\/blogdorogeriogomes.com.br\/noticias\/wp-json\/wp\/v2\/categories?post=25093"},{"taxonomy":"post_tag","embeddable":true,"href":"https:\/\/blogdorogeriogomes.com.br\/noticias\/wp-json\/wp\/v2\/tags?post=25093"}],"curies":[{"name":"wp","href":"https:\/\/api.w.org\/{rel}","templated":true}]}}