{"id":25099,"date":"2022-04-21T09:07:08","date_gmt":"2022-04-21T09:07:08","guid":{"rendered":"https:\/\/blogdorogeriogomes.com.br\/?p=25099"},"modified":"2022-04-22T15:06:19","modified_gmt":"2022-04-22T15:06:19","slug":"deputado-bolsonarista-daniel-silveira-e-condenado-a-perda-do-mandato-e-dos-direitos-politicos-e-a-8-anos-e-9-meses-de-prisao-pelo-stf","status":"publish","type":"post","link":"https:\/\/blogdorogeriogomes.com.br\/noticias\/2022\/04\/deputado-bolsonarista-daniel-silveira-e-condenado-a-perda-do-mandato-e-dos-direitos-politicos-e-a-8-anos-e-9-meses-de-prisao-pelo-stf\/","title":{"rendered":"Deputado bolsonarista Daniel Silveira \u00e9 condenado a perda do mandato e dos direitos pol\u00edticos e a 8 anos e 9 meses de pris\u00e3o pelo STF"},"content":{"rendered":"\n<p>O&nbsp;Supremo Tribunal Federal (STF) condenou nesta quarta-feira, dia 20 de abril, o deputado&nbsp;bolsonarista Daniel Silveira&nbsp;(PTB-RJ) a oito anos e nove meses de pris\u00e3o em regime fechado por est\u00edmulo a atos antidemocr\u00e1ticos e ataques a ministros do tribunal e institui\u00e7\u00f5es como o pr\u00f3prio STF.<\/p>\n\n\n\n<p>No julgamento, nove ministros acompanharam integralmente o voto do relator Alexandre de Moraes. Al\u00e9m da pena de oito anos e nove meses em regime fechado, Moraes tamb\u00e9m estabeleceu perda do mandato e dos direitos pol\u00edticos e multa de R$ 212 mil.<\/p>\n\n\n\n<p>O epis\u00f3dio faz lembrar que liberdade de express\u00e3o n\u00e3o pode ser confundido com o cometimento de crime, al\u00e9m de que o fato de ter imunidade parlamentar n\u00e3o garante o direito de atacar institui\u00e7\u00f5es democr\u00e1ticas. E em ano eleitoral, atos fascistas em redes sociais devem ser devidamente combatidos.<\/p>\n\n\n\n<figure class=\"wp-block-image size-full\"><img loading=\"lazy\" decoding=\"async\" width=\"739\" height=\"415\" src=\"https:\/\/blogdorogeriogomes.com.br\/wp-content\/uploads\/2022\/04\/images-21.jpeg\" alt=\"\" class=\"wp-image-25100\" srcset=\"https:\/\/blogdorogeriogomes.com.br\/noticias\/wp-content\/uploads\/2022\/04\/images-21.jpeg 739w, https:\/\/blogdorogeriogomes.com.br\/noticias\/wp-content\/uploads\/2022\/04\/images-21-300x168.jpeg 300w\" sizes=\"auto, (max-width: 739px) 100vw, 739px\" \/><\/figure>\n","protected":false},"excerpt":{"rendered":"<p>O&nbsp;Supremo Tribunal Federal (STF) condenou nesta quarta-feira, dia 20 de abril, o deputado&nbsp;bolsonarista Daniel Silveira&nbsp;(PTB-RJ) a oito anos e nove meses de pris\u00e3o em regime fechado por est\u00edmulo a atos antidemocr\u00e1ticos e ataques a ministros do tribunal e institui\u00e7\u00f5es como o pr\u00f3prio STF. No julgamento, nove ministros acompanharam integralmente o voto do relator Alexandre de Moraes. Al\u00e9m da pena de oito anos e nove meses em regime fechado, Moraes tamb\u00e9m estabeleceu perda do mandato e dos direitos pol\u00edticos e&hellip;<\/p>\n","protected":false},"author":1,"featured_media":25100,"comment_status":"open","ping_status":"open","sticky":false,"template":"","format":"standard","meta":{"footnotes":""},"categories":[1],"tags":[],"class_list":["post-25099","post","type-post","status-publish","format-standard","has-post-thumbnail","hentry","category-noticias"],"_links":{"self":[{"href":"https:\/\/blogdorogeriogomes.com.br\/noticias\/wp-json\/wp\/v2\/posts\/25099","targetHints":{"allow":["GET"]}}],"collection":[{"href":"https:\/\/blogdorogeriogomes.com.br\/noticias\/wp-json\/wp\/v2\/posts"}],"about":[{"href":"https:\/\/blogdorogeriogomes.com.br\/noticias\/wp-json\/wp\/v2\/types\/post"}],"author":[{"embeddable":true,"href":"https:\/\/blogdorogeriogomes.com.br\/noticias\/wp-json\/wp\/v2\/users\/1"}],"replies":[{"embeddable":true,"href":"https:\/\/blogdorogeriogomes.com.br\/noticias\/wp-json\/wp\/v2\/comments?post=25099"}],"version-history":[{"count":2,"href":"https:\/\/blogdorogeriogomes.com.br\/noticias\/wp-json\/wp\/v2\/posts\/25099\/revisions"}],"predecessor-version":[{"id":25119,"href":"https:\/\/blogdorogeriogomes.com.br\/noticias\/wp-json\/wp\/v2\/posts\/25099\/revisions\/25119"}],"wp:featuredmedia":[{"embeddable":true,"href":"https:\/\/blogdorogeriogomes.com.br\/noticias\/wp-json\/wp\/v2\/media\/25100"}],"wp:attachment":[{"href":"https:\/\/blogdorogeriogomes.com.br\/noticias\/wp-json\/wp\/v2\/media?parent=25099"}],"wp:term":[{"taxonomy":"category","embeddable":true,"href":"https:\/\/blogdorogeriogomes.com.br\/noticias\/wp-json\/wp\/v2\/categories?post=25099"},{"taxonomy":"post_tag","embeddable":true,"href":"https:\/\/blogdorogeriogomes.com.br\/noticias\/wp-json\/wp\/v2\/tags?post=25099"}],"curies":[{"name":"wp","href":"https:\/\/api.w.org\/{rel}","templated":true}]}}