{"id":25109,"date":"2022-04-22T09:15:11","date_gmt":"2022-04-22T09:15:11","guid":{"rendered":"https:\/\/blogdorogeriogomes.com.br\/?p=25109"},"modified":"2022-04-22T15:05:52","modified_gmt":"2022-04-22T15:05:52","slug":"novo-programa-medicos-pelo-brasil-lancado-pelo-governo-federal-cobre-menos-de-um-terco-dos-municipios-no-ceara","status":"publish","type":"post","link":"https:\/\/blogdorogeriogomes.com.br\/noticias\/2022\/04\/novo-programa-medicos-pelo-brasil-lancado-pelo-governo-federal-cobre-menos-de-um-terco-dos-municipios-no-ceara\/","title":{"rendered":"Novo programa M\u00e9dicos Pelo Brasil lan\u00e7ado pelo Governo Federal cobre menos de um ter\u00e7o dos munic\u00edpios no Cear\u00e1"},"content":{"rendered":"\n<p>Lan\u00e7ado para substituir o Mais M\u00e9dicos, novo programa M\u00e9dicos pelo Brasil alcan\u00e7a menos de 30% das cidades do Cear\u00e1. O Minist\u00e9rio da Sa\u00fade, no Governo Bolsonaro, passou tr\u00eas anos para efetivar o novo programa, mas promete expans\u00e3o do n\u00famero de m\u00e9dicos contratados at\u00e9 o fim de 2022. O projeto do M\u00e9dicos pelo Brasil s\u00f3 saiu do papel, oficialmente, na \u00faltima segunda-feira, dia 19 de abril, quando o Minist\u00e9rio da Sa\u00fade confirmou a contrata\u00e7\u00e3o de 529 profissionais. Destes, 59 ser\u00e3o direcionados para um total de 49 cidades cearenses.<br><br>Na pr\u00e1tica, com o quantitativo de m\u00e9dicos anunciado, o programa deve alcan\u00e7ar apenas 26,63% do territ\u00f3rio estadual, percentual muito abaixo da cobertura do Mais M\u00e9dicos, que em 2018, antes da sa\u00edda dos m\u00e9dicos cubanos do Pa\u00eds, chegou a 169 dos 184 munic\u00edpios cearenses.<br><\/p>\n\n\n\n<figure class=\"wp-block-image size-full\"><img loading=\"lazy\" decoding=\"async\" width=\"678\" height=\"452\" src=\"https:\/\/blogdorogeriogomes.com.br\/wp-content\/uploads\/2022\/04\/images-22.jpeg\" alt=\"\" class=\"wp-image-25110\" srcset=\"https:\/\/blogdorogeriogomes.com.br\/noticias\/wp-content\/uploads\/2022\/04\/images-22.jpeg 678w, https:\/\/blogdorogeriogomes.com.br\/noticias\/wp-content\/uploads\/2022\/04\/images-22-300x200.jpeg 300w\" sizes=\"auto, (max-width: 678px) 100vw, 678px\" \/><\/figure>\n","protected":false},"excerpt":{"rendered":"<p>Lan\u00e7ado para substituir o Mais M\u00e9dicos, novo programa M\u00e9dicos pelo Brasil alcan\u00e7a menos de 30% das cidades do Cear\u00e1. O Minist\u00e9rio da Sa\u00fade, no Governo Bolsonaro, passou tr\u00eas anos para efetivar o novo programa, mas promete expans\u00e3o do n\u00famero de m\u00e9dicos contratados at\u00e9 o fim de 2022. O projeto do M\u00e9dicos pelo Brasil s\u00f3 saiu do papel, oficialmente, na \u00faltima segunda-feira, dia 19 de abril, quando o Minist\u00e9rio da Sa\u00fade confirmou a contrata\u00e7\u00e3o de 529 profissionais. Destes, 59 ser\u00e3o&hellip;<\/p>\n","protected":false},"author":1,"featured_media":25110,"comment_status":"open","ping_status":"open","sticky":false,"template":"","format":"standard","meta":{"footnotes":""},"categories":[1],"tags":[],"class_list":["post-25109","post","type-post","status-publish","format-standard","has-post-thumbnail","hentry","category-noticias"],"_links":{"self":[{"href":"https:\/\/blogdorogeriogomes.com.br\/noticias\/wp-json\/wp\/v2\/posts\/25109","targetHints":{"allow":["GET"]}}],"collection":[{"href":"https:\/\/blogdorogeriogomes.com.br\/noticias\/wp-json\/wp\/v2\/posts"}],"about":[{"href":"https:\/\/blogdorogeriogomes.com.br\/noticias\/wp-json\/wp\/v2\/types\/post"}],"author":[{"embeddable":true,"href":"https:\/\/blogdorogeriogomes.com.br\/noticias\/wp-json\/wp\/v2\/users\/1"}],"replies":[{"embeddable":true,"href":"https:\/\/blogdorogeriogomes.com.br\/noticias\/wp-json\/wp\/v2\/comments?post=25109"}],"version-history":[{"count":1,"href":"https:\/\/blogdorogeriogomes.com.br\/noticias\/wp-json\/wp\/v2\/posts\/25109\/revisions"}],"predecessor-version":[{"id":25111,"href":"https:\/\/blogdorogeriogomes.com.br\/noticias\/wp-json\/wp\/v2\/posts\/25109\/revisions\/25111"}],"wp:featuredmedia":[{"embeddable":true,"href":"https:\/\/blogdorogeriogomes.com.br\/noticias\/wp-json\/wp\/v2\/media\/25110"}],"wp:attachment":[{"href":"https:\/\/blogdorogeriogomes.com.br\/noticias\/wp-json\/wp\/v2\/media?parent=25109"}],"wp:term":[{"taxonomy":"category","embeddable":true,"href":"https:\/\/blogdorogeriogomes.com.br\/noticias\/wp-json\/wp\/v2\/categories?post=25109"},{"taxonomy":"post_tag","embeddable":true,"href":"https:\/\/blogdorogeriogomes.com.br\/noticias\/wp-json\/wp\/v2\/tags?post=25109"}],"curies":[{"name":"wp","href":"https:\/\/api.w.org\/{rel}","templated":true}]}}