{"id":25125,"date":"2022-04-26T08:42:58","date_gmt":"2022-04-26T08:42:58","guid":{"rendered":"https:\/\/blogdorogeriogomes.com.br\/?p=25125"},"modified":"2022-04-26T09:53:08","modified_gmt":"2022-04-26T09:53:08","slug":"tre-amplia-atendimento-para-regularizacao-eleitoral-em-mutirao-no-centro-de-eventos-do-ceara","status":"publish","type":"post","link":"https:\/\/blogdorogeriogomes.com.br\/noticias\/2022\/04\/tre-amplia-atendimento-para-regularizacao-eleitoral-em-mutirao-no-centro-de-eventos-do-ceara\/","title":{"rendered":"TRE amplia atendimento para regulariza\u00e7\u00e3o eleitoral em mutir\u00e3o no Centro de Eventos do Cear\u00e1"},"content":{"rendered":"\n<p>O Tribunal Regional Eleitoral do Cear\u00e1 (TRE-CE) ampliou o atendimento presencial em Fortaleza para as pessoas que precisam regularizar a situa\u00e7\u00e3o eleitoral. Agora, a popula\u00e7\u00e3o tamb\u00e9m pode ser atendida em um mutir\u00e3o no Centro de Eventos do Cear\u00e1, na capital cearense. O prazo final para regulariza\u00e7\u00e3o no cadastro eleitoral \u00e9 o dia<strong> <\/strong>4 de maio.<\/p>\n\n\n\n<p>Quem precisar de atendimento presencial dever\u00e1 agendar, entre esta segunda-feira (25) e o dia 4 de maio, para ser atendido exclusivamente no Centro de Eventos. O agendamento pode ser feito pelo site do TRE ou pelo disque eleitor, atrav\u00e9s do n\u00famero 148. O&nbsp;local funciona com 80 guich\u00eas, somente para agendados. Nesse per\u00edodo, a central de atendimento ao eleitor, na Praia de Iracema, ficar\u00e1 fechada.<\/p>\n\n\n\n<figure class=\"wp-block-image size-full\"><img loading=\"lazy\" decoding=\"async\" width=\"682\" height=\"450\" src=\"https:\/\/blogdorogeriogomes.com.br\/wp-content\/uploads\/2022\/04\/images-24.jpeg\" alt=\"\" class=\"wp-image-25126\" srcset=\"https:\/\/blogdorogeriogomes.com.br\/noticias\/wp-content\/uploads\/2022\/04\/images-24.jpeg 682w, https:\/\/blogdorogeriogomes.com.br\/noticias\/wp-content\/uploads\/2022\/04\/images-24-300x198.jpeg 300w\" sizes=\"auto, (max-width: 682px) 100vw, 682px\" \/><\/figure>\n","protected":false},"excerpt":{"rendered":"<p>O Tribunal Regional Eleitoral do Cear\u00e1 (TRE-CE) ampliou o atendimento presencial em Fortaleza para as pessoas que precisam regularizar a situa\u00e7\u00e3o eleitoral. Agora, a popula\u00e7\u00e3o tamb\u00e9m pode ser atendida em um mutir\u00e3o no Centro de Eventos do Cear\u00e1, na capital cearense. O prazo final para regulariza\u00e7\u00e3o no cadastro eleitoral \u00e9 o dia 4 de maio. Quem precisar de atendimento presencial dever\u00e1 agendar, entre esta segunda-feira (25) e o dia 4 de maio, para ser atendido exclusivamente no Centro de&hellip;<\/p>\n","protected":false},"author":1,"featured_media":25126,"comment_status":"open","ping_status":"open","sticky":false,"template":"","format":"standard","meta":{"footnotes":""},"categories":[1],"tags":[],"class_list":["post-25125","post","type-post","status-publish","format-standard","has-post-thumbnail","hentry","category-noticias"],"_links":{"self":[{"href":"https:\/\/blogdorogeriogomes.com.br\/noticias\/wp-json\/wp\/v2\/posts\/25125","targetHints":{"allow":["GET"]}}],"collection":[{"href":"https:\/\/blogdorogeriogomes.com.br\/noticias\/wp-json\/wp\/v2\/posts"}],"about":[{"href":"https:\/\/blogdorogeriogomes.com.br\/noticias\/wp-json\/wp\/v2\/types\/post"}],"author":[{"embeddable":true,"href":"https:\/\/blogdorogeriogomes.com.br\/noticias\/wp-json\/wp\/v2\/users\/1"}],"replies":[{"embeddable":true,"href":"https:\/\/blogdorogeriogomes.com.br\/noticias\/wp-json\/wp\/v2\/comments?post=25125"}],"version-history":[{"count":2,"href":"https:\/\/blogdorogeriogomes.com.br\/noticias\/wp-json\/wp\/v2\/posts\/25125\/revisions"}],"predecessor-version":[{"id":25136,"href":"https:\/\/blogdorogeriogomes.com.br\/noticias\/wp-json\/wp\/v2\/posts\/25125\/revisions\/25136"}],"wp:featuredmedia":[{"embeddable":true,"href":"https:\/\/blogdorogeriogomes.com.br\/noticias\/wp-json\/wp\/v2\/media\/25126"}],"wp:attachment":[{"href":"https:\/\/blogdorogeriogomes.com.br\/noticias\/wp-json\/wp\/v2\/media?parent=25125"}],"wp:term":[{"taxonomy":"category","embeddable":true,"href":"https:\/\/blogdorogeriogomes.com.br\/noticias\/wp-json\/wp\/v2\/categories?post=25125"},{"taxonomy":"post_tag","embeddable":true,"href":"https:\/\/blogdorogeriogomes.com.br\/noticias\/wp-json\/wp\/v2\/tags?post=25125"}],"curies":[{"name":"wp","href":"https:\/\/api.w.org\/{rel}","templated":true}]}}