{"id":25128,"date":"2022-04-26T09:01:42","date_gmt":"2022-04-26T09:01:42","guid":{"rendered":"https:\/\/blogdorogeriogomes.com.br\/?p=25128"},"modified":"2022-04-26T09:52:53","modified_gmt":"2022-04-26T09:52:53","slug":"rosa-weber-determina-prazo-de-10-dias-para-bolsonaro-dar-informacoes-sobre-perdao-a-daniel-silveira","status":"publish","type":"post","link":"https:\/\/blogdorogeriogomes.com.br\/noticias\/2022\/04\/rosa-weber-determina-prazo-de-10-dias-para-bolsonaro-dar-informacoes-sobre-perdao-a-daniel-silveira\/","title":{"rendered":"Rosa Weber determina prazo de 10 dias para Bolsonaro dar informa\u00e7\u00f5es sobre perd\u00e3o a Daniel Silveira"},"content":{"rendered":"\n<p>A ministra Rosa Weber, do Supremo Tribunal Federal, determinou que o presidente Jair Bolsonaro preste informa\u00e7\u00f5es, em 10 dias, sobre o perd\u00e3o concedido ao deputado bolsonarista Daniel Silveira (PTB-RJ). A ministra \u00e9 a relatora de seis a\u00e7\u00f5es no STF que partiram dos partidos Rede Sustentabilidade, do PDT, do Cidadania, do senador Renan Calheiros (MDB-AL) e do deputado Alexandre Frota (PSDB-SP).&nbsp;<\/p>\n\n\n\n<p>O decreto do presidente foi editado na quinta-feira passada, dia 21 de abril, um dia depois de o&nbsp;Supremo condenar o deputado a oito anos e nove meses de pris\u00e3o por est\u00edmulo a atos antidemocr\u00e1ticos e ataques a ministros do tribunal e institui\u00e7\u00f5es como o pr\u00f3prio STF.<\/p>\n\n\n\n<p>Ele tamb\u00e9m foi condenado \u00e0 perda do mandato, \u00e0 suspens\u00e3o dos direitos pol\u00edticos e ao pagamento de multa de R$ 212 mil.<\/p>\n\n\n\n<p>A Secretaria de Administra\u00e7\u00e3o Penitenci\u00e1ria do Distrito Federal informou ao Supremo Tribunal Federal (STF) que a tornozeleira eletr\u00f4nica instalada no deputado&nbsp;Daniel Silveira est\u00e1 descarregada desde o \u00faltimo dia 17.<\/p>\n\n\n\n<figure class=\"wp-block-image size-full\"><img loading=\"lazy\" decoding=\"async\" width=\"550\" height=\"365\" src=\"https:\/\/blogdorogeriogomes.com.br\/wp-content\/uploads\/2022\/04\/images-25.jpeg\" alt=\"\" class=\"wp-image-25129\" srcset=\"https:\/\/blogdorogeriogomes.com.br\/noticias\/wp-content\/uploads\/2022\/04\/images-25.jpeg 550w, https:\/\/blogdorogeriogomes.com.br\/noticias\/wp-content\/uploads\/2022\/04\/images-25-300x199.jpeg 300w\" sizes=\"auto, (max-width: 550px) 100vw, 550px\" \/><\/figure>\n","protected":false},"excerpt":{"rendered":"<p>A ministra Rosa Weber, do Supremo Tribunal Federal, determinou que o presidente Jair Bolsonaro preste informa\u00e7\u00f5es, em 10 dias, sobre o perd\u00e3o concedido ao deputado bolsonarista Daniel Silveira (PTB-RJ). A ministra \u00e9 a relatora de seis a\u00e7\u00f5es no STF que partiram dos partidos Rede Sustentabilidade, do PDT, do Cidadania, do senador Renan Calheiros (MDB-AL) e do deputado Alexandre Frota (PSDB-SP).&nbsp; O decreto do presidente foi editado na quinta-feira passada, dia 21 de abril, um dia depois de o&nbsp;Supremo condenar&hellip;<\/p>\n","protected":false},"author":1,"featured_media":25129,"comment_status":"open","ping_status":"open","sticky":false,"template":"","format":"standard","meta":{"footnotes":""},"categories":[1],"tags":[],"class_list":["post-25128","post","type-post","status-publish","format-standard","has-post-thumbnail","hentry","category-noticias"],"_links":{"self":[{"href":"https:\/\/blogdorogeriogomes.com.br\/noticias\/wp-json\/wp\/v2\/posts\/25128","targetHints":{"allow":["GET"]}}],"collection":[{"href":"https:\/\/blogdorogeriogomes.com.br\/noticias\/wp-json\/wp\/v2\/posts"}],"about":[{"href":"https:\/\/blogdorogeriogomes.com.br\/noticias\/wp-json\/wp\/v2\/types\/post"}],"author":[{"embeddable":true,"href":"https:\/\/blogdorogeriogomes.com.br\/noticias\/wp-json\/wp\/v2\/users\/1"}],"replies":[{"embeddable":true,"href":"https:\/\/blogdorogeriogomes.com.br\/noticias\/wp-json\/wp\/v2\/comments?post=25128"}],"version-history":[{"count":2,"href":"https:\/\/blogdorogeriogomes.com.br\/noticias\/wp-json\/wp\/v2\/posts\/25128\/revisions"}],"predecessor-version":[{"id":25135,"href":"https:\/\/blogdorogeriogomes.com.br\/noticias\/wp-json\/wp\/v2\/posts\/25128\/revisions\/25135"}],"wp:featuredmedia":[{"embeddable":true,"href":"https:\/\/blogdorogeriogomes.com.br\/noticias\/wp-json\/wp\/v2\/media\/25129"}],"wp:attachment":[{"href":"https:\/\/blogdorogeriogomes.com.br\/noticias\/wp-json\/wp\/v2\/media?parent=25128"}],"wp:term":[{"taxonomy":"category","embeddable":true,"href":"https:\/\/blogdorogeriogomes.com.br\/noticias\/wp-json\/wp\/v2\/categories?post=25128"},{"taxonomy":"post_tag","embeddable":true,"href":"https:\/\/blogdorogeriogomes.com.br\/noticias\/wp-json\/wp\/v2\/tags?post=25128"}],"curies":[{"name":"wp","href":"https:\/\/api.w.org\/{rel}","templated":true}]}}