{"id":25131,"date":"2022-04-26T09:15:21","date_gmt":"2022-04-26T09:15:21","guid":{"rendered":"https:\/\/blogdorogeriogomes.com.br\/?p=25131"},"modified":"2022-04-26T09:52:40","modified_gmt":"2022-04-26T09:52:40","slug":"lideres-partidarios-tentam-barrar-reajuste-da-energia-eletrica-no-ceara","status":"publish","type":"post","link":"https:\/\/blogdorogeriogomes.com.br\/noticias\/2022\/04\/lideres-partidarios-tentam-barrar-reajuste-da-energia-eletrica-no-ceara\/","title":{"rendered":"L\u00edderes partid\u00e1rios tentam barrar reajuste da energia el\u00e9trica no Cear\u00e1"},"content":{"rendered":"\n<p>L\u00edderes de seis dos maiores partidos na C\u00e2mara dos Deputados assinaram um requerimento de autoria do deputado federal Ant\u00f4nio Brito (BA), l\u00edder do PSD na Casa, solicitando urg\u00eancia na tramita\u00e7\u00e3o de um projeto de Decreto Legislativo que tenta sustar os efeitos do reajuste de tarifa de energia el\u00e9trica aos cearenses, anunciado recentemente pela Enel Distribui\u00e7\u00e3o.<\/p>\n\n\n\n<p>O projeto de decreto \u00e9 de autoria do deputado federal cearense<strong>&nbsp;<\/strong>Domingos Neto (PSD), mas precisa da anu\u00eancia dos l\u00edderes partid\u00e1rios para que tramite com rapidez, tendo em vista que o aumento j\u00e1 est\u00e1 em vigor no Estado.<\/p>\n\n\n\n<p>O parlamentar cearense diz ter conversado, inclusive, com o presidente da C\u00e2mara dos Deputados, Arthur Lira (PP), para que o tema seja levado \u00e0 reuni\u00e3o do col\u00e9gio de l\u00edderes, que ocorre nesta ter\u00e7a-feira, dia 26 de abril.<\/p>\n\n\n\n<figure class=\"wp-block-image size-full\"><img loading=\"lazy\" decoding=\"async\" width=\"418\" height=\"314\" src=\"https:\/\/blogdorogeriogomes.com.br\/wp-content\/uploads\/2022\/04\/ENEL.jpg\" alt=\"\" class=\"wp-image-25132\" srcset=\"https:\/\/blogdorogeriogomes.com.br\/noticias\/wp-content\/uploads\/2022\/04\/ENEL.jpg 418w, https:\/\/blogdorogeriogomes.com.br\/noticias\/wp-content\/uploads\/2022\/04\/ENEL-300x225.jpg 300w, https:\/\/blogdorogeriogomes.com.br\/noticias\/wp-content\/uploads\/2022\/04\/ENEL-400x300.jpg 400w\" sizes=\"auto, (max-width: 418px) 100vw, 418px\" \/><\/figure>\n","protected":false},"excerpt":{"rendered":"<p>L\u00edderes de seis dos maiores partidos na C\u00e2mara dos Deputados assinaram um requerimento de autoria do deputado federal Ant\u00f4nio Brito (BA), l\u00edder do PSD na Casa, solicitando urg\u00eancia na tramita\u00e7\u00e3o de um projeto de Decreto Legislativo que tenta sustar os efeitos do reajuste de tarifa de energia el\u00e9trica aos cearenses, anunciado recentemente pela Enel Distribui\u00e7\u00e3o. O projeto de decreto \u00e9 de autoria do deputado federal cearense&nbsp;Domingos Neto (PSD), mas precisa da anu\u00eancia dos l\u00edderes partid\u00e1rios para que tramite com&hellip;<\/p>\n","protected":false},"author":1,"featured_media":25132,"comment_status":"open","ping_status":"open","sticky":false,"template":"","format":"standard","meta":{"footnotes":""},"categories":[1],"tags":[],"class_list":["post-25131","post","type-post","status-publish","format-standard","has-post-thumbnail","hentry","category-noticias"],"_links":{"self":[{"href":"https:\/\/blogdorogeriogomes.com.br\/noticias\/wp-json\/wp\/v2\/posts\/25131","targetHints":{"allow":["GET"]}}],"collection":[{"href":"https:\/\/blogdorogeriogomes.com.br\/noticias\/wp-json\/wp\/v2\/posts"}],"about":[{"href":"https:\/\/blogdorogeriogomes.com.br\/noticias\/wp-json\/wp\/v2\/types\/post"}],"author":[{"embeddable":true,"href":"https:\/\/blogdorogeriogomes.com.br\/noticias\/wp-json\/wp\/v2\/users\/1"}],"replies":[{"embeddable":true,"href":"https:\/\/blogdorogeriogomes.com.br\/noticias\/wp-json\/wp\/v2\/comments?post=25131"}],"version-history":[{"count":2,"href":"https:\/\/blogdorogeriogomes.com.br\/noticias\/wp-json\/wp\/v2\/posts\/25131\/revisions"}],"predecessor-version":[{"id":25134,"href":"https:\/\/blogdorogeriogomes.com.br\/noticias\/wp-json\/wp\/v2\/posts\/25131\/revisions\/25134"}],"wp:featuredmedia":[{"embeddable":true,"href":"https:\/\/blogdorogeriogomes.com.br\/noticias\/wp-json\/wp\/v2\/media\/25132"}],"wp:attachment":[{"href":"https:\/\/blogdorogeriogomes.com.br\/noticias\/wp-json\/wp\/v2\/media?parent=25131"}],"wp:term":[{"taxonomy":"category","embeddable":true,"href":"https:\/\/blogdorogeriogomes.com.br\/noticias\/wp-json\/wp\/v2\/categories?post=25131"},{"taxonomy":"post_tag","embeddable":true,"href":"https:\/\/blogdorogeriogomes.com.br\/noticias\/wp-json\/wp\/v2\/tags?post=25131"}],"curies":[{"name":"wp","href":"https:\/\/api.w.org\/{rel}","templated":true}]}}