{"id":25140,"date":"2022-04-26T22:04:37","date_gmt":"2022-04-26T22:04:37","guid":{"rendered":"https:\/\/blogdorogeriogomes.com.br\/?p=25140"},"modified":"2022-04-27T09:34:42","modified_gmt":"2022-04-27T09:34:42","slug":"prefeitura-de-fortaleza-encomenda-estudo-para-privatizar-terminais-de-onibus-da-capital","status":"publish","type":"post","link":"https:\/\/blogdorogeriogomes.com.br\/noticias\/2022\/04\/prefeitura-de-fortaleza-encomenda-estudo-para-privatizar-terminais-de-onibus-da-capital\/","title":{"rendered":"Prefeitura de Fortaleza encomenda estudo para privatizar terminais de \u00f4nibus da Capital"},"content":{"rendered":"\n<p>A Prefeitura de Fortaleza publicou, nesta ter\u00e7a-feira, dia 26 de abril, por meio da Secretaria Municipal do Desenvolvimento Econ\u00f4mico (SDE), um edital de Chamamento P\u00fablico para a realiza\u00e7\u00e3o de estudos de viabilidade e solu\u00e7\u00f5es financeiramente vi\u00e1veis para moderniza\u00e7\u00e3o dos equipamentos pertencentes ao Sistema de Transporte P\u00fablico do Munic\u00edpio. A iniciativa est\u00e1 vinculada \u00e0 carteira de projetos priorit\u00e1rios da Coordenadoria de Parcerias P\u00fablico-Privada de Fortaleza.<\/p>\n\n\n\n<p>Os estudos para privatiza\u00e7\u00e3o s\u00e3o destinados aos terminais de \u00f4nibus, sendo sete fechados (Ant\u00f4nio Bezerra, Conjunto Cear\u00e1, Lagoa, Messejana, Papicu, Parangaba e Siqueira), al\u00e9m dos terminais abertos da Pra\u00e7a Cora\u00e7\u00e3o de Jesus, Washington Soares, Jos\u00e9 Walter e a implanta\u00e7\u00e3o de um equipamento anexo \u00e0 Pra\u00e7a Jos\u00e9 de Alencar, no bairro Centro. Tamb\u00e9m ser\u00e3o contempladas as esta\u00e7\u00f5es dos corredores de \u00f4nibus (Ant\u00f4nio Bezerra-Centro e Messejana-Centro).<\/p>\n\n\n\n<figure class=\"wp-block-image size-full\"><img loading=\"lazy\" decoding=\"async\" width=\"678\" height=\"452\" src=\"https:\/\/blogdorogeriogomes.com.br\/wp-content\/uploads\/2022\/04\/images-26.jpeg\" alt=\"\" class=\"wp-image-25141\" srcset=\"https:\/\/blogdorogeriogomes.com.br\/noticias\/wp-content\/uploads\/2022\/04\/images-26.jpeg 678w, https:\/\/blogdorogeriogomes.com.br\/noticias\/wp-content\/uploads\/2022\/04\/images-26-300x200.jpeg 300w\" sizes=\"auto, (max-width: 678px) 100vw, 678px\" \/><\/figure>\n","protected":false},"excerpt":{"rendered":"<p>A Prefeitura de Fortaleza publicou, nesta ter\u00e7a-feira, dia 26 de abril, por meio da Secretaria Municipal do Desenvolvimento Econ\u00f4mico (SDE), um edital de Chamamento P\u00fablico para a realiza\u00e7\u00e3o de estudos de viabilidade e solu\u00e7\u00f5es financeiramente vi\u00e1veis para moderniza\u00e7\u00e3o dos equipamentos pertencentes ao Sistema de Transporte P\u00fablico do Munic\u00edpio. A iniciativa est\u00e1 vinculada \u00e0 carteira de projetos priorit\u00e1rios da Coordenadoria de Parcerias P\u00fablico-Privada de Fortaleza. Os estudos para privatiza\u00e7\u00e3o s\u00e3o destinados aos terminais de \u00f4nibus, sendo sete fechados (Ant\u00f4nio Bezerra,&hellip;<\/p>\n","protected":false},"author":1,"featured_media":25141,"comment_status":"open","ping_status":"open","sticky":false,"template":"","format":"standard","meta":{"footnotes":""},"categories":[1],"tags":[],"class_list":["post-25140","post","type-post","status-publish","format-standard","has-post-thumbnail","hentry","category-noticias"],"_links":{"self":[{"href":"https:\/\/blogdorogeriogomes.com.br\/noticias\/wp-json\/wp\/v2\/posts\/25140","targetHints":{"allow":["GET"]}}],"collection":[{"href":"https:\/\/blogdorogeriogomes.com.br\/noticias\/wp-json\/wp\/v2\/posts"}],"about":[{"href":"https:\/\/blogdorogeriogomes.com.br\/noticias\/wp-json\/wp\/v2\/types\/post"}],"author":[{"embeddable":true,"href":"https:\/\/blogdorogeriogomes.com.br\/noticias\/wp-json\/wp\/v2\/users\/1"}],"replies":[{"embeddable":true,"href":"https:\/\/blogdorogeriogomes.com.br\/noticias\/wp-json\/wp\/v2\/comments?post=25140"}],"version-history":[{"count":1,"href":"https:\/\/blogdorogeriogomes.com.br\/noticias\/wp-json\/wp\/v2\/posts\/25140\/revisions"}],"predecessor-version":[{"id":25142,"href":"https:\/\/blogdorogeriogomes.com.br\/noticias\/wp-json\/wp\/v2\/posts\/25140\/revisions\/25142"}],"wp:featuredmedia":[{"embeddable":true,"href":"https:\/\/blogdorogeriogomes.com.br\/noticias\/wp-json\/wp\/v2\/media\/25141"}],"wp:attachment":[{"href":"https:\/\/blogdorogeriogomes.com.br\/noticias\/wp-json\/wp\/v2\/media?parent=25140"}],"wp:term":[{"taxonomy":"category","embeddable":true,"href":"https:\/\/blogdorogeriogomes.com.br\/noticias\/wp-json\/wp\/v2\/categories?post=25140"},{"taxonomy":"post_tag","embeddable":true,"href":"https:\/\/blogdorogeriogomes.com.br\/noticias\/wp-json\/wp\/v2\/tags?post=25140"}],"curies":[{"name":"wp","href":"https:\/\/api.w.org\/{rel}","templated":true}]}}